{"id":25983576,"date":"2025-06-23T12:00:00","date_gmt":"2025-06-23T10:00:00","guid":{"rendered":"https:\/\/personalwolke.at\/?p=25983576"},"modified":"2025-07-11T17:21:36","modified_gmt":"2025-07-11T15:21:36","slug":"what-are-the-rest-periods-in-austria","status":"publish","type":"post","link":"https:\/\/personalwolke.at\/en\/welche-ruhezeiten-gibt-es-in-osterreich\/","title":{"rendered":"What are the rest periods in Austria?"},"content":{"rendered":"\n<p>In \u00d6sterreich spielen gesetzliche&nbsp;<strong>Ruhezeiten<\/strong>&nbsp;eine zentrale Rolle im Arbeitsrecht, denn sie sch\u00fctzen die Gesundheit und das Wohlbefinden aller Arbeitnehmenden. Sie legen verbindlich fest, wie viel Erholung zwischen den einzelnen Arbeitstagen und -wochen gew\u00e4hrleistet sein muss. Wer die Vorschriften rund um die t\u00e4gliche und w\u00f6chentliche Ruhezeit sowie deren Ausgleich genau kennt, schafft damit die Grundlage f\u00fcr ein faires und rechtssicheres Arbeitsumfeld \u2013 sowohl f\u00fcr Unternehmen als auch f\u00fcr Mitarbeitende.<\/p>\n\n\n\n<h2 class=\"wp-block-heading\">Was sind gesetzliche Ruhezeiten in \u00d6sterreich?<\/h2>\n\n\n\n<p><strong>Ruhezeiten<\/strong>&nbsp;sind gesetzlich vorgeschriebene Erholungsphasen, die allen Arbeitnehmenden in \u00d6sterreich zustehen. Sie dienen dem Schutz der Gesundheit, f\u00f6rdern die Leistungsf\u00e4higkeit und sichern die notwendige Erholung zwischen den Arbeitsphasen. Die Einhaltung dieser Ruhezeiten stellt nicht nur eine gesetzliche Pflicht dar, sondern bildet auch ein zentrales Element eines modernen und gesunden Arbeitsumfelds.<\/p>\n\n\n\n<h2 class=\"wp-block-heading\">Rechtliche Grundlagen: Arbeitszeitgesetz und Arbeitsruhegesetz<\/h2>\n\n\n\n<p>Die&nbsp;<strong>gesetzlichen Ruhezeiten<\/strong>&nbsp;in \u00d6sterreich regeln das&nbsp;<strong>Arbeitszeitgesetz (<a href=\"https:\/\/www.ris.bka.gv.at\/GeltendeFassung.wxe?Abfrage=Bundesnormen&amp;Gesetzesnummer=10008238\" target=\"_blank\" rel=\"noreferrer noopener nofollow\">AZG<\/a>)<\/strong>&nbsp;und das&nbsp;<strong>Arbeitsruhegesetz (<a href=\"https:\/\/www.ris.bka.gv.at\/GeltendeFassung.wxe?Abfrage=Bundesnormen&amp;Gesetzesnummer=10008541\" target=\"_blank\" rel=\"noreferrer noopener nofollow\">ARG<\/a>)<\/strong>. Diese Gesetze definieren klar die Mindestanforderungen an t\u00e4gliche und w\u00f6chentliche Ruhezeiten sowie an Pausenregelungen. Sie gelten f\u00fcr nahezu alle Arbeitsverh\u00e4ltnisse, wobei es einige branchenspezifische Ausnahmen gibt, etwa im Gesundheitswesen oder im Gastgewerbe.<\/p>\n\n\n\n<h2 class=\"wp-block-heading\">T\u00e4gliche Ruhezeit: Definition, gesetzliche Vorgaben und Ausgleich<\/h2>\n\n\n\n<p>Nach Beendigung der Arbeitszeit m\u00fcssen alle Arbeitnehmenden eine&nbsp;<strong>ununterbrochene t\u00e4gliche Ruhezeit<\/strong>&nbsp;von mindestens&nbsp;<strong>elf Stunden<\/strong>&nbsp;erhalten. Diese Zeitspanne dient der Regeneration und Erholung und darf nur in wenigen Ausnahmef\u00e4llen, wie durch Kollektivvertr\u00e4ge verk\u00fcrzt werden.<\/p>\n\n\n\n<p>Sollte dennoch eine Verletzung stattfinden muss der\/die Arbeitgeber:in jedoch einen Ausgleich schaffen: Die verk\u00fcrzte Ruhezeit ist durch eine entsprechende Verl\u00e4ngerung einer anderen t\u00e4glichen Ruhezeit innerhalb derselben oder der folgenden Arbeitswoche auszugleichen. Dadurch stellt man sicher, dass die Gesamtruhezeit im Ausgleichszeitraum nicht unterschritten wird und die Gesundheit der Arbeitnehmenden weiterhin gesch\u00fctzt bleibt.<\/p>\n\n\n\n<figure class=\"wp-block-table\"><table class=\"has-fixed-layout\"><thead><tr><th>Arbeitsbereich<\/th><th>Gesetzliche t\u00e4gliche Ruhezeit<\/th><\/tr><\/thead><tbody><tr><td>Allgemein<\/td><td>11 Stunden<\/td><\/tr><tr><td>laut Kollektivvertrag<\/td><td>8-10 Stunden (bei Ausnahmen, mit Ausgleich)<\/td><\/tr><\/tbody><\/table><\/figure>\n\n\n\n<p>Die Einhaltung dieser Ruhezeiten ist verpflichtend und Arbeitgeber:innen m\u00fcssen diese dokumentieren, um die gesetzlichen Vorgaben jederzeit nachweisen zu k\u00f6nnen.<\/p>\n\n\n\n<p>Es empfiehlt sich eine digitale <strong><a href=\"https:\/\/personalwolke.at\/personalwolke-time-zeiterfassung-oesterreich\/\">Zeiterfassungssoftware<\/a><\/strong> zu verwenden. Welche die t\u00e4glichen Ruhezeiten automatisch \u00fcberpr\u00fcft und Verst\u00f6\u00dfe aufzeigt.<\/p>\n\n\n\n<div style=\"text-align: center;\">\n  <a class=\"blogpost-button\" href=\"https:\/\/personalwolke.at\/beratung\/\">\n    BERATUNGSTERMIN BUCHEN\n  <\/a>\n<\/div>\n\n\n\n<h2 class=\"wp-block-heading\">W\u00f6chentliche Ruhezeit und Wochenendruhe<\/h2>\n\n\n\n<p>Zus\u00e4tzlich zur t\u00e4glichen Ruhezeit steht allen Arbeitnehmenden eine&nbsp;<strong>w\u00f6chentliche Ruhezeit<\/strong>&nbsp;von mindestens&nbsp;<strong>36 Stunden<\/strong>&nbsp;zu. Diese muss grunds\u00e4tzlich den Sonntag umfassen, damit soziale Teilhabe und Erholung gew\u00e4hrleistet sind. Die Wochenendruhe beginnt sp\u00e4testens am Samstag und endet fr\u00fchestens am Sonntagabend, abh\u00e4ngig von der ersten Kommen-Buchung am Montag und Schichtmodell.<\/p>\n\n\n\n<figure class=\"wp-block-table\"><table class=\"has-fixed-layout\"><thead><tr><th>Regelung<\/th><th>Details<\/th><\/tr><\/thead><tbody><tr><td>W\u00f6chentliche Ruhezeit<\/td><td>min. 36 Stunden, inkl. Sonntag<\/td><\/tr><tr><td>Beginn Wochenendruhe<\/td><td>Sp\u00e4testens Samstag 13 Uhr (je nach Branche 15\/18 Uhr)<\/td><\/tr><tr><td>Ende Wochenendruhe<\/td><td>Fr\u00fchestens Sonntag 18\/20 Uhr<\/td><\/tr><\/tbody><\/table><\/figure>\n\n\n\n<h2 class=\"wp-block-heading\">Ersatzruhe: Anspruch und Besonderheiten<\/h2>\n\n\n\n<p>Der Anspruch auf&nbsp;<strong>Ersatzruhe<\/strong>&nbsp;entsteht, wenn Sie w\u00e4hrend Ihrer w\u00f6chentlichen Ruhezeit \u2013 also meist am Wochenende \u2013 arbeiten m\u00fcssen. Ma\u00dfgeblich ist dabei der Zeitraum von 36 Stunden unmittelbar vor dem regul\u00e4ren Arbeitsbeginn der n\u00e4chsten Arbeitswoche. <\/p>\n\n\n\n<p>Jede Arbeitszeit, die Sie in diesen 36 Stunden leisten, muss Ihr:e Arbeitgeber:in in der Folgewoche als Ersatzruhe im selben Ausma\u00df freigeben. Die Ersatzruhe soll grunds\u00e4tzlich direkt vor die n\u00e4chste Wochenruhe gelegt werden, sofern nichts anderes vereinbart wurde.<\/p>\n\n\n\n<p>In modernen Zeiterfassungssystemen wird der Anspruch automatisch berechnet. \u00fcber Workflows kann die Ersatzruhe beantragt und in Anspruch genommen werden. <\/p>\n\n\n\n<h2 class=\"wp-block-heading\">Ruhezeiten an Feiertagen<\/h2>\n\n\n\n<p>Auch an gesetzlichen Feiertagen gilt ein besonderer Schutz: Arbeitnehmende haben Anspruch auf eine&nbsp;<strong>ununterbrochene Feiertagsruhe<\/strong>&nbsp;von mindestens 24 Stunden. In Schichtbetrieben gelten gesonderte Regelungen, die eine Anpassung der Ruhezeiten erm\u00f6glichen.<\/p>\n\n\n\n<div style=\"text-align: center;\">\n  <a class=\"blogpost-button\" href=\"https:\/\/personalwolke.at\/beratung\/\">\n    BERATUNGSTERMIN BUCHEN\n  <\/a>\n<\/div>\n\n\n\n<h2 class=\"wp-block-heading\">Pausenregelungen w\u00e4hrend der Arbeitszeit<\/h2>\n\n\n\n<p>In \u00d6sterreich sieht das Arbeitszeitgesetz vor, dass Arbeitnehmende sp\u00e4testens nach sechs Stunden ununterbrochener Arbeit eine&nbsp;<strong>Ruhepause von mindestens 30 Minuten<\/strong>&nbsp;erhalten m\u00fcssen. Diese Pause kann in mehrere Teile von jeweils mindestens 10 Minuten aufgeteilt werden, wenn dies betrieblich erforderlich ist. F\u00fcr Schichtarbeit und Nachtarbeit k\u00f6nnen jedoch abweichende oder erg\u00e4nzende Regelungen durch Kollektivvertr\u00e4ge oder Betriebsvereinbarungen getroffen werden.<\/p>\n\n\n\n<figure class=\"wp-block-table\"><table class=\"has-fixed-layout\"><thead><tr><th>Arbeitszeit (pro Tag)<\/th><th>Gesetzliche Pause \u00d6sterreich<\/th><\/tr><\/thead><tbody><tr><td>&gt; 6 Stunden<\/td><td>min. 30 Minuten (aufteilbar)<\/td><\/tr><\/tbody><\/table><\/figure>\n\n\n\n<p>Die Pause z\u00e4hlt in der Regel nicht zur Arbeitszeit, es sei denn, im Kollektivvertrag oder in einer Betriebsvereinbarung ist etwas anderes vereinbart.<\/p>\n\n\n\n<h2 class=\"wp-block-heading\">Dokumentationspflichten und Zeiterfassung in Unternehmen<\/h2>\n\n\n\n<p>Arbeitgeber:innen m\u00fcssen s\u00e4mtliche Arbeitszeiten, Pausen und&nbsp;<strong>Ruhezeiten<\/strong>&nbsp;sorgf\u00e4ltig dokumentieren. Diese&nbsp;<strong>Arbeitszeitaufzeichnung<\/strong>&nbsp;ist auch f\u00fcr die Kontrolle durch die Arbeitsinspektion von gro\u00dfer Bedeutung. Mitarbeitende haben das Recht, monatlich eine Kopie dieser Aufzeichnungen kostenlos zu erhalten. Werden diese Pflichten nicht eingehalten, drohen empfindliche Strafen.<\/p>\n\n\n\n<h2 class=\"wp-block-heading\">Digitale Zeiterfassung: L\u00f6sungen und Vorteile f\u00fcr Unternehmen<\/h2>\n\n\n\n<p>Moderne &amp; digitale\u00a0<strong><a href=\"https:\/\/personalwolke.at\/personalwolke-time-zeiterfassung-oesterreich\/\">Zeiterfassungssoftware<\/a><\/strong>\u00a0\u00a0helfen Unternehmen dabei, die gesetzlichen Vorgaben effizient umzusetzen. Sie erm\u00f6glichen eine l\u00fcckenlose Erfassung von Arbeitsbeginn, Arbeitsende, Pausen und Ruhezeiten. Gerade im Kontext des\u00a0<strong>Arbeitszeitgesetz <\/strong>profitieren Unternehmen von automatisierten Prozessen, erh\u00f6hter Transparenz und einer rechtssicheren Dokumentation. Zudem gewinnen mobile und cloudbasierte L\u00f6sungen &amp; Apps zunehmend an Bedeutung.<\/p>\n\n\n\n<div style=\"text-align: center;\">\n  <a class=\"blogpost-button\" href=\"https:\/\/personalwolke.at\/preise\/\">\n    PREIS ANFRAGEN\n  <\/a>\n<\/div>\n\n\n\n<h2 class=\"wp-block-heading\">Ruhezeiten im Homeoffice und bei mobiler Arbeit<\/h2>\n\n\n\n<p>Auch im&nbsp;<strong>Homeoffice<\/strong>&nbsp;und bei mobiler Arbeit gelten die gesetzlichen Ruhezeiten uneingeschr\u00e4nkt. Das <strong>Homeoffice<\/strong>&nbsp;stellt Unternehmen und Arbeitnehmende vor neue Herausforderungen, da die Arbeitszeiten oft flexibler gestaltet werden. Dennoch m\u00fcssen die t\u00e4glichen und w\u00f6chentlichen Ruhezeiten sowie Pausen eingehalten und dokumentiert werden. Digitale Tools erleichtern die Einhaltung der Vorgaben und schaffen eine transparente \u00dcbersicht \u00fcber die Arbeitszeiten.<\/p>\n\n\n\n<h2 class=\"wp-block-heading\">Konsequenzen bei Verst\u00f6\u00dfen gegen Ruhezeiten<\/h2>\n\n\n\n<p>Verst\u00f6\u00dfe gegen die gesetzlichen\u00a0<strong>Ruhezeiten in \u00d6sterreich<\/strong>\u00a0k\u00f6nnen zu hohen Verwaltungsstrafen f\u00fchren. Die Kontrolle \u00fcbernimmt die\u00a0<strong>Arbeitsinspektion \u00d6sterreich<\/strong>. Arbeitgeber:innen, die die Ruhezeiten nicht einhalten oder nicht ordnungsgem\u00e4\u00df dokumentieren, riskieren empfindliche Strafen und rechtliche Konsequenzen. Die Einhaltung der gesetzlichen Vorgaben sch\u00fctzt nicht nur vor Sanktionen, sondern tr\u00e4gt ma\u00dfgeblich zur Gesundheit und Zufriedenheit der Mitarbeitenden bei.<\/p>\n\n\n\n<h2 class=\"wp-block-heading\">FAQ: Ruhezeiten in \u00d6sterreich<\/h2>\n\n\n\n<h3 class=\"wp-block-heading\"><strong>Wie lange muss die t\u00e4gliche Ruhezeit mindestens betragen?<\/strong><\/h3>\n\n\n\n<p>Die t\u00e4gliche Ruhezeit muss mindestens 11 Stunden betragen. In bestimmten Branchen, wie dem Gastgewerbe, kann sie auf 8 Stunden verk\u00fcrzt werden.<\/p>\n\n\n\n<h3 class=\"wp-block-heading\"><strong>Was versteht man unter w\u00f6chentlicher Ruhezeit?<\/strong><\/h3>\n\n\n\n<p>Die w\u00f6chentliche Ruhezeit betr\u00e4gt mindestens 36 Stunden und muss grunds\u00e4tzlich den Sonntag umfassen.<\/p>\n\n\n\n<h3 class=\"wp-block-heading\"><strong>Gibt es eine besondere Regelung f\u00fcr Feiertage?<\/strong><\/h3>\n\n\n\n<p>Ja, an Feiertagen besteht Anspruch auf eine ununterbrochene Ruhezeit von mindestens 24 Stunden.<\/p>\n\n\n\n<h3 class=\"wp-block-heading\"><strong>Wann besteht Anspruch auf Ersatzruhe?<\/strong><\/h3>\n\n\n\n<p>Wenn w\u00e4hrend der w\u00f6chentlichen Ruhezeit gearbeitet wird, muss eine gleichwertige Ersatzruhe in der Folgewoche gew\u00e4hrt werden.<\/p>\n\n\n\n<h3 class=\"wp-block-heading\"><strong>Welche Pflichten haben Arbeitgeber bei der Zeiterfassung?<\/strong><\/h3>\n\n\n\n<p>Arbeitgeber:innen m\u00fcssen Arbeitszeiten, Pausen und Ruhezeiten vollst\u00e4ndig dokumentieren und den Mitarbeitenden monatlich eine Kopie der Aufzeichnungen zur Verf\u00fcgung stellen.<\/p>\n\n\n\n<h3 class=\"wp-block-heading\"><strong>Gilt die Ruhezeit auch im Homeoffice?<\/strong><\/h3>\n\n\n\n<p>Ja, die gesetzlichen Ruhezeiten gelten auch im Homeoffice und bei mobiler Arbeit uneingeschr\u00e4nkt.<\/p>\n\n\n\n<h3 class=\"wp-block-heading\"><strong>Welche Strafen drohen bei Verst\u00f6\u00dfen gegen Ruhezeiten?<\/strong><\/h3>\n\n\n\n<p>Verst\u00f6\u00dfe k\u00f6nnen mit Verwaltungsstrafen geahndet werden, die von der Arbeitsinspektion kontrolliert werden.<\/p>\n\n\n\n<h2 class=\"wp-block-heading\">Vereinbaren Sie jetzt Ihren Beratungstermin<\/h2>\n\n\n\n<p>Damit wir Ihre Fragen rund um&nbsp;<strong>Ruhezeiten<\/strong>,&nbsp;<strong>Arbeitszeitgesetz<\/strong>&nbsp;und&nbsp;<strong>digitale Zeiterfassung<\/strong>&nbsp;individuell und umfassend beantworten k\u00f6nnen, bieten wir Ihnen eine pers\u00f6nliche Beratung an. Nutzen Sie unser einfaches Terminbuchungsformular, um einen passenden Zeitpunkt f\u00fcr ein Gespr\u00e4ch mit unseren Expert:innen zu w\u00e4hlen.<\/p>\n\n\n\n<div class=\"wp-block-leadin-hubspot-meeting-block\">\n\t\t<div class=\"meetings-iframe-container\" data-src=\"https:\/\/meetings-eu1.hubspot.com\/gregor-gutzelnig\/personalwolke-kennenlern-termin?embed=true\"><\/div>\n\t\t<script>\n\t\t\tif(window.hbspt && window.hbspt.meetings){\n\t\t\t\twindow.hbspt.meetings.create(\".meetings-iframe-container\");\n\t\t\t}\n\t\t\t<\/script>\n\t\t<\/div>\n\n\n\n<script type=\"application\/ld+json\">\n{\n  \"@context\": \"https:\/\/schema.org\",\n  \"@type\": \"FAQPage\",\n  \"mainEntity\": [\n    {\n      \"@type\": \"Question\",\n      \"name\": \"Wie lange muss die t\u00e4gliche Ruhezeit mindestens betragen?\",\n      \"acceptedAnswer\": {\n        \"@type\": \"Answer\",\n        \"text\": \"Die t\u00e4gliche Ruhezeit muss mindestens 11 Stunden betragen. In bestimmten Branchen, wie dem Gastgewerbe, kann sie auf 8 Stunden verk\u00fcrzt werden.\"\n      }\n    },\n    {\n      \"@type\": \"Question\",\n      \"name\": \"Was versteht man unter w\u00f6chentlicher Ruhezeit?\",\n      \"acceptedAnswer\": {\n        \"@type\": \"Answer\",\n        \"text\": \"Die w\u00f6chentliche Ruhezeit betr\u00e4gt mindestens 36 Stunden und muss grunds\u00e4tzlich den Sonntag umfassen.\"\n      }\n    },\n    {\n      \"@type\": \"Question\",\n      \"name\": \"Gibt es eine besondere Regelung f\u00fcr Feiertage?\",\n      \"acceptedAnswer\": {\n        \"@type\": \"Answer\",\n        \"text\": \"Ja, an Feiertagen besteht Anspruch auf eine ununterbrochene Ruhezeit von mindestens 24 Stunden.\"\n      }\n    },\n    {\n      \"@type\": \"Question\",\n      \"name\": \"Wann besteht Anspruch auf Ersatzruhe?\",\n      \"acceptedAnswer\": {\n        \"@type\": \"Answer\",\n        \"text\": \"Wenn w\u00e4hrend der w\u00f6chentlichen Ruhezeit gearbeitet wird, muss eine gleichwertige Ersatzruhe in der Folgewoche gew\u00e4hrt werden.\"\n      }\n    },\n    {\n      \"@type\": \"Question\",\n      \"name\": \"Welche Pflichten haben Arbeitgeber bei der Zeiterfassung?\",\n      \"acceptedAnswer\": {\n        \"@type\": \"Answer\",\n        \"text\": \"Arbeitgeber m\u00fcssen Arbeitszeiten, Pausen und Ruhezeiten vollst\u00e4ndig dokumentieren und den Mitarbeitenden monatlich eine Kopie der Aufzeichnungen zur Verf\u00fcgung stellen.\"\n      }\n    },\n    {\n      \"@type\": \"Question\",\n      \"name\": \"Gilt die Ruhezeit auch im Homeoffice?\",\n      \"acceptedAnswer\": {\n        \"@type\": \"Answer\",\n        \"text\": \"Ja, die gesetzlichen Ruhezeiten gelten auch im Homeoffice und bei mobiler Arbeit uneingeschr\u00e4nkt.\"\n      }\n    },\n    {\n      \"@type\": \"Question\",\n      \"name\": \"Welche Strafen drohen bei Verst\u00f6\u00dfen gegen Ruhezeiten?\",\n      \"acceptedAnswer\": {\n        \"@type\": \"Answer\",\n        \"text\": \"Verst\u00f6\u00dfe k\u00f6nnen mit Verwaltungsstrafen geahndet werden, die von der Arbeitsinspektion kontrolliert werden.\"\n      }\n    }\n  ]\n}\n<\/script>\n","protected":false},"excerpt":{"rendered":"<p>In \u00d6sterreich spielen gesetzliche&nbsp;Ruhezeiten&nbsp;eine zentrale Rolle im Arbeitsrecht, denn sie sch\u00fctzen die Gesundheit und das Wohlbefinden aller Arbeitnehmenden. Sie legen verbindlich fest, [&hellip;]<\/p>\n","protected":false},"author":11,"featured_media":25983577,"comment_status":"closed","ping_status":"closed","sticky":false,"template":"","format":"standard","meta":{"content-type":"","inline_featured_image":false,"footnotes":""},"categories":[11],"tags":[224,220,192,183,184,190,218,222,194,223,217,219,221,189,186,187,185,191,188,193,180],"class_list":["post-25983576","post","type-post","status-publish","format-standard","has-post-thumbnail","hentry","category-zeiterfassung","tag-arbeitsinspektion-osterreich","tag-arbeitsruhegesetz-osterreich","tag-arbeitszeiterfassung-osterreich","tag-arbeitszeitgesetz-osterreich-zeiterfassung","tag-digitale-zeiterfassung-osterreich","tag-elektronische-zeiterfassung-osterreich","tag-ersatzruhe","tag-feiertagsruhe-osterreich","tag-mobile-zeiterfassung-osterreich","tag-rbeitszeitaufzeichnung-osterreich","tag-ruhezeiten-osterreich","tag-tagliche-ruhezeit","tag-wochenruhe-osterreich","tag-zeiterfassung-app-osterreich","tag-zeiterfassung-arbeitsrecht-osterreich","tag-zeiterfassung-arbeitszeit-osterreich","tag-zeiterfassung-gesetz-osterreich","tag-zeiterfassung-homeoffice-osterreich","tag-zeiterfassung-mitarbeiter-osterreich","tag-zeiterfassung-unternehmen-osterreich","tag-zeiterfassungssoftware"],"yoast_head":"<!-- This site is optimized with the Yoast SEO plugin v27.1.1 - https:\/\/yoast.com\/product\/yoast-seo-wordpress\/ -->\n<title>\u1405 Ruhezeiten in \u00d6sterreich | Gesetze &amp; Beispiele<\/title>\n<meta name=\"description\" content=\"\u2713 Welche Ruhezeiten gelten in \u00d6sterreich? Aktuelle Gesetze, Regeln &amp; Beispiele zur Arbeitszeiterfassung \u27a4 Jetzt lesen!\" \/>\n<meta name=\"robots\" content=\"index, follow, max-snippet:-1, max-image-preview:large, max-video-preview:-1\" \/>\n<link rel=\"canonical\" href=\"https:\/\/personalwolke.at\/en\/what-are-the-rest-periods-in-austria\/\" \/>\n<meta property=\"og:locale\" content=\"en_US\" \/>\n<meta property=\"og:type\" content=\"article\" \/>\n<meta property=\"og:title\" content=\"\u1405 Ruhezeiten in \u00d6sterreich | Gesetze &amp; Beispiele\" \/>\n<meta property=\"og:description\" content=\"\u2713 Welche Ruhezeiten gelten in \u00d6sterreich? Aktuelle Gesetze, Regeln &amp; Beispiele zur Arbeitszeiterfassung \u27a4 Jetzt lesen!\" \/>\n<meta property=\"og:url\" content=\"https:\/\/personalwolke.at\/en\/what-are-the-rest-periods-in-austria\/\" \/>\n<meta property=\"og:site_name\" content=\"Personalwolke\" \/>\n<meta property=\"article:published_time\" content=\"2025-06-23T10:00:00+00:00\" \/>\n<meta property=\"article:modified_time\" content=\"2025-07-11T15:21:36+00:00\" \/>\n<meta property=\"og:image\" content=\"https:\/\/personalwolke.at\/wp-content\/uploads\/2025\/06\/Personalwolke_Final_T1_16-scaled.jpg\" \/>\n\t<meta property=\"og:image:width\" content=\"2560\" \/>\n\t<meta property=\"og:image:height\" content=\"1706\" \/>\n\t<meta property=\"og:image:type\" content=\"image\/jpeg\" \/>\n<meta name=\"author\" content=\"John Bauer\" \/>\n<meta name=\"twitter:card\" content=\"summary_large_image\" \/>\n<meta name=\"twitter:label1\" content=\"Written by\" \/>\n\t<meta name=\"twitter:data1\" content=\"John Bauer\" \/>\n\t<meta name=\"twitter:label2\" content=\"Est. reading time\" \/>\n\t<meta name=\"twitter:data2\" content=\"24 minutes\" \/>\n<script type=\"application\/ld+json\" class=\"yoast-schema-graph\">{\"@context\":\"https:\/\/schema.org\",\"@graph\":[{\"@type\":\"Article\",\"@id\":\"https:\/\/personalwolke.at\/welche-ruhezeiten-gibt-es-in-osterreich\/#article\",\"isPartOf\":{\"@id\":\"https:\/\/personalwolke.at\/welche-ruhezeiten-gibt-es-in-osterreich\/\"},\"author\":{\"name\":\"John Bauer\",\"@id\":\"https:\/\/personalwolke.at\/#\/schema\/person\/31fa701f05d3bbd034e67b0d7d271766\"},\"headline\":\"Welche Ruhezeiten gibt es in \u00d6sterreich?\",\"datePublished\":\"2025-06-23T10:00:00+00:00\",\"dateModified\":\"2025-07-11T15:21:36+00:00\",\"mainEntityOfPage\":{\"@id\":\"https:\/\/personalwolke.at\/welche-ruhezeiten-gibt-es-in-osterreich\/\"},\"wordCount\":1189,\"image\":{\"@id\":\"https:\/\/personalwolke.at\/welche-ruhezeiten-gibt-es-in-osterreich\/#primaryimage\"},\"thumbnailUrl\":\"https:\/\/personalwolke.at\/wp-content\/uploads\/2025\/06\/Personalwolke_Final_T1_16-scaled.jpg\",\"keywords\":[\"arbeitsinspektion \u00f6sterreich\",\"arbeitsruhegesetz \u00f6sterreich\",\"arbeitszeiterfassung \u00f6sterreich\",\"arbeitszeitgesetz \u00f6sterreich zeiterfassung\",\"digitale zeiterfassung \u00f6sterreich\",\"elektronische zeiterfassung \u00f6sterreich\",\"Ersatzruhe\",\"feiertagsruhe \u00f6sterreich\",\"mobile zeiterfassung \u00f6sterreich\",\"rbeitszeitaufzeichnung \u00f6sterreich\",\"Ruhezeiten \u00d6sterreich\",\"T\u00e4gliche Ruhezeit\",\"wochenruhe \u00f6sterreich\",\"zeiterfassung app \u00f6sterreich\",\"zeiterfassung arbeitsrecht \u00f6sterreich\",\"zeiterfassung arbeitszeit \u00f6sterreich\",\"zeiterfassung gesetz \u00f6sterreich\",\"zeiterfassung homeoffice \u00f6sterreich\",\"zeiterfassung mitarbeiter \u00f6sterreich\",\"zeiterfassung unternehmen \u00f6sterreich\",\"Zeiterfassungssoftware\"],\"articleSection\":[\"Zeiterfassung\"],\"inLanguage\":\"en-US\"},{\"@type\":\"WebPage\",\"@id\":\"https:\/\/personalwolke.at\/welche-ruhezeiten-gibt-es-in-osterreich\/\",\"url\":\"https:\/\/personalwolke.at\/welche-ruhezeiten-gibt-es-in-osterreich\/\",\"name\":\"\u1405 Ruhezeiten in \u00d6sterreich | Gesetze & Beispiele\",\"isPartOf\":{\"@id\":\"https:\/\/personalwolke.at\/#website\"},\"primaryImageOfPage\":{\"@id\":\"https:\/\/personalwolke.at\/welche-ruhezeiten-gibt-es-in-osterreich\/#primaryimage\"},\"image\":{\"@id\":\"https:\/\/personalwolke.at\/welche-ruhezeiten-gibt-es-in-osterreich\/#primaryimage\"},\"thumbnailUrl\":\"https:\/\/personalwolke.at\/wp-content\/uploads\/2025\/06\/Personalwolke_Final_T1_16-scaled.jpg\",\"datePublished\":\"2025-06-23T10:00:00+00:00\",\"dateModified\":\"2025-07-11T15:21:36+00:00\",\"author\":{\"@id\":\"https:\/\/personalwolke.at\/#\/schema\/person\/31fa701f05d3bbd034e67b0d7d271766\"},\"description\":\"\u2713 Welche Ruhezeiten gelten in \u00d6sterreich? Aktuelle Gesetze, Regeln & Beispiele zur Arbeitszeiterfassung \u27a4 Jetzt lesen!\",\"breadcrumb\":{\"@id\":\"https:\/\/personalwolke.at\/welche-ruhezeiten-gibt-es-in-osterreich\/#breadcrumb\"},\"inLanguage\":\"en-US\",\"potentialAction\":[{\"@type\":\"ReadAction\",\"target\":[\"https:\/\/personalwolke.at\/welche-ruhezeiten-gibt-es-in-osterreich\/\"]}]},{\"@type\":\"ImageObject\",\"inLanguage\":\"en-US\",\"@id\":\"https:\/\/personalwolke.at\/welche-ruhezeiten-gibt-es-in-osterreich\/#primaryimage\",\"url\":\"https:\/\/personalwolke.at\/wp-content\/uploads\/2025\/06\/Personalwolke_Final_T1_16-scaled.jpg\",\"contentUrl\":\"https:\/\/personalwolke.at\/wp-content\/uploads\/2025\/06\/Personalwolke_Final_T1_16-scaled.jpg\",\"width\":2560,\"height\":1706,\"caption\":\"Welche Ruhezeiten gibt es in \u00d6sterreich?\"},{\"@type\":\"BreadcrumbList\",\"@id\":\"https:\/\/personalwolke.at\/welche-ruhezeiten-gibt-es-in-osterreich\/#breadcrumb\",\"itemListElement\":[{\"@type\":\"ListItem\",\"position\":1,\"name\":\"Startseite\",\"item\":\"https:\/\/personalwolke.at\/\"},{\"@type\":\"ListItem\",\"position\":2,\"name\":\"Welche Ruhezeiten gibt es in \u00d6sterreich?\"}]},{\"@type\":\"WebSite\",\"@id\":\"https:\/\/personalwolke.at\/#website\",\"url\":\"https:\/\/personalwolke.at\/\",\"name\":\"Personalwolke\",\"description\":\"\",\"potentialAction\":[{\"@type\":\"SearchAction\",\"target\":{\"@type\":\"EntryPoint\",\"urlTemplate\":\"https:\/\/personalwolke.at\/?s={search_term_string}\"},\"query-input\":{\"@type\":\"PropertyValueSpecification\",\"valueRequired\":true,\"valueName\":\"search_term_string\"}}],\"inLanguage\":\"en-US\"},{\"@type\":\"Person\",\"@id\":\"https:\/\/personalwolke.at\/#\/schema\/person\/31fa701f05d3bbd034e67b0d7d271766\",\"name\":\"John Bauer\",\"image\":{\"@type\":\"ImageObject\",\"inLanguage\":\"en-US\",\"@id\":\"https:\/\/personalwolke.at\/#\/schema\/person\/image\/\",\"url\":\"https:\/\/secure.gravatar.com\/avatar\/299b0ba1ef2e5b3e415ce6cb869ab31af06c188c3d2f97c47a61ad3ef3ebecf3?s=96&d=mm&r=g\",\"contentUrl\":\"https:\/\/secure.gravatar.com\/avatar\/299b0ba1ef2e5b3e415ce6cb869ab31af06c188c3d2f97c47a61ad3ef3ebecf3?s=96&d=mm&r=g\",\"caption\":\"John Bauer\"},\"url\":\"https:\/\/personalwolke.at\/en\/author\/jbauer\/\"}]}<\/script>\n<!-- \/ Yoast SEO plugin. -->","yoast_head_json":{"title":"\u1405 Rest periods in Austria | Laws &amp; examples","description":"\u2713 What rest periods apply in Austria? Current laws, rules &amp; examples for recording working time \u27a4 Read now!","robots":{"index":"index","follow":"follow","max-snippet":"max-snippet:-1","max-image-preview":"max-image-preview:large","max-video-preview":"max-video-preview:-1"},"canonical":"https:\/\/personalwolke.at\/en\/what-are-the-rest-periods-in-austria\/","og_locale":"en_US","og_type":"article","og_title":"\u1405 Ruhezeiten in \u00d6sterreich | Gesetze & Beispiele","og_description":"\u2713 Welche Ruhezeiten gelten in \u00d6sterreich? Aktuelle Gesetze, Regeln & Beispiele zur Arbeitszeiterfassung \u27a4 Jetzt lesen!","og_url":"https:\/\/personalwolke.at\/en\/what-are-the-rest-periods-in-austria\/","og_site_name":"Personalwolke","article_published_time":"2025-06-23T10:00:00+00:00","article_modified_time":"2025-07-11T15:21:36+00:00","og_image":[{"width":2560,"height":1706,"url":"https:\/\/personalwolke.at\/wp-content\/uploads\/2025\/06\/Personalwolke_Final_T1_16-scaled.jpg","type":"image\/jpeg"}],"author":"John Bauer","twitter_card":"summary_large_image","twitter_misc":{"Written by":"John Bauer","Est. reading time":"24 minutes"},"schema":{"@context":"https:\/\/schema.org","@graph":[{"@type":"Article","@id":"https:\/\/personalwolke.at\/welche-ruhezeiten-gibt-es-in-osterreich\/#article","isPartOf":{"@id":"https:\/\/personalwolke.at\/welche-ruhezeiten-gibt-es-in-osterreich\/"},"author":{"name":"John Bauer","@id":"https:\/\/personalwolke.at\/#\/schema\/person\/31fa701f05d3bbd034e67b0d7d271766"},"headline":"Welche Ruhezeiten gibt es in \u00d6sterreich?","datePublished":"2025-06-23T10:00:00+00:00","dateModified":"2025-07-11T15:21:36+00:00","mainEntityOfPage":{"@id":"https:\/\/personalwolke.at\/welche-ruhezeiten-gibt-es-in-osterreich\/"},"wordCount":1189,"image":{"@id":"https:\/\/personalwolke.at\/welche-ruhezeiten-gibt-es-in-osterreich\/#primaryimage"},"thumbnailUrl":"https:\/\/personalwolke.at\/wp-content\/uploads\/2025\/06\/Personalwolke_Final_T1_16-scaled.jpg","keywords":["arbeitsinspektion \u00f6sterreich","arbeitsruhegesetz \u00f6sterreich","arbeitszeiterfassung \u00f6sterreich","arbeitszeitgesetz \u00f6sterreich zeiterfassung","digitale zeiterfassung \u00f6sterreich","elektronische zeiterfassung \u00f6sterreich","Ersatzruhe","feiertagsruhe \u00f6sterreich","mobile zeiterfassung \u00f6sterreich","rbeitszeitaufzeichnung \u00f6sterreich","Ruhezeiten \u00d6sterreich","T\u00e4gliche Ruhezeit","wochenruhe \u00f6sterreich","zeiterfassung app \u00f6sterreich","zeiterfassung arbeitsrecht \u00f6sterreich","zeiterfassung arbeitszeit \u00f6sterreich","zeiterfassung gesetz \u00f6sterreich","zeiterfassung homeoffice \u00f6sterreich","zeiterfassung mitarbeiter \u00f6sterreich","zeiterfassung unternehmen \u00f6sterreich","Zeiterfassungssoftware"],"articleSection":["Zeiterfassung"],"inLanguage":"en-US"},{"@type":"WebPage","@id":"https:\/\/personalwolke.at\/welche-ruhezeiten-gibt-es-in-osterreich\/","url":"https:\/\/personalwolke.at\/welche-ruhezeiten-gibt-es-in-osterreich\/","name":"\u1405 Rest periods in Austria | Laws &amp; examples","isPartOf":{"@id":"https:\/\/personalwolke.at\/#website"},"primaryImageOfPage":{"@id":"https:\/\/personalwolke.at\/welche-ruhezeiten-gibt-es-in-osterreich\/#primaryimage"},"image":{"@id":"https:\/\/personalwolke.at\/welche-ruhezeiten-gibt-es-in-osterreich\/#primaryimage"},"thumbnailUrl":"https:\/\/personalwolke.at\/wp-content\/uploads\/2025\/06\/Personalwolke_Final_T1_16-scaled.jpg","datePublished":"2025-06-23T10:00:00+00:00","dateModified":"2025-07-11T15:21:36+00:00","author":{"@id":"https:\/\/personalwolke.at\/#\/schema\/person\/31fa701f05d3bbd034e67b0d7d271766"},"description":"\u2713 What rest periods apply in Austria? Current laws, rules &amp; examples for recording working time \u27a4 Read now!","breadcrumb":{"@id":"https:\/\/personalwolke.at\/welche-ruhezeiten-gibt-es-in-osterreich\/#breadcrumb"},"inLanguage":"en-US","potentialAction":[{"@type":"ReadAction","target":["https:\/\/personalwolke.at\/welche-ruhezeiten-gibt-es-in-osterreich\/"]}]},{"@type":"ImageObject","inLanguage":"en-US","@id":"https:\/\/personalwolke.at\/welche-ruhezeiten-gibt-es-in-osterreich\/#primaryimage","url":"https:\/\/personalwolke.at\/wp-content\/uploads\/2025\/06\/Personalwolke_Final_T1_16-scaled.jpg","contentUrl":"https:\/\/personalwolke.at\/wp-content\/uploads\/2025\/06\/Personalwolke_Final_T1_16-scaled.jpg","width":2560,"height":1706,"caption":"Welche Ruhezeiten gibt es in \u00d6sterreich?"},{"@type":"BreadcrumbList","@id":"https:\/\/personalwolke.at\/welche-ruhezeiten-gibt-es-in-osterreich\/#breadcrumb","itemListElement":[{"@type":"ListItem","position":1,"name":"Startseite","item":"https:\/\/personalwolke.at\/"},{"@type":"ListItem","position":2,"name":"Welche Ruhezeiten gibt es in \u00d6sterreich?"}]},{"@type":"WebSite","@id":"https:\/\/personalwolke.at\/#website","url":"https:\/\/personalwolke.at\/","name":"Personalwolke","description":"","potentialAction":[{"@type":"SearchAction","target":{"@type":"EntryPoint","urlTemplate":"https:\/\/personalwolke.at\/?s={search_term_string}"},"query-input":{"@type":"PropertyValueSpecification","valueRequired":true,"valueName":"search_term_string"}}],"inLanguage":"en-US"},{"@type":"Person","@id":"https:\/\/personalwolke.at\/#\/schema\/person\/31fa701f05d3bbd034e67b0d7d271766","name":"John Bauer","image":{"@type":"ImageObject","inLanguage":"en-US","@id":"https:\/\/personalwolke.at\/#\/schema\/person\/image\/","url":"https:\/\/secure.gravatar.com\/avatar\/299b0ba1ef2e5b3e415ce6cb869ab31af06c188c3d2f97c47a61ad3ef3ebecf3?s=96&d=mm&r=g","contentUrl":"https:\/\/secure.gravatar.com\/avatar\/299b0ba1ef2e5b3e415ce6cb869ab31af06c188c3d2f97c47a61ad3ef3ebecf3?s=96&d=mm&r=g","caption":"John Bauer"},"url":"https:\/\/personalwolke.at\/en\/author\/jbauer\/"}]}},"_links":{"self":[{"href":"https:\/\/personalwolke.at\/en\/wp-json\/wp\/v2\/posts\/25983576","targetHints":{"allow":["GET"]}}],"collection":[{"href":"https:\/\/personalwolke.at\/en\/wp-json\/wp\/v2\/posts"}],"about":[{"href":"https:\/\/personalwolke.at\/en\/wp-json\/wp\/v2\/types\/post"}],"author":[{"embeddable":true,"href":"https:\/\/personalwolke.at\/en\/wp-json\/wp\/v2\/users\/11"}],"replies":[{"embeddable":true,"href":"https:\/\/personalwolke.at\/en\/wp-json\/wp\/v2\/comments?post=25983576"}],"version-history":[{"count":2,"href":"https:\/\/personalwolke.at\/en\/wp-json\/wp\/v2\/posts\/25983576\/revisions"}],"predecessor-version":[{"id":25983579,"href":"https:\/\/personalwolke.at\/en\/wp-json\/wp\/v2\/posts\/25983576\/revisions\/25983579"}],"wp:featuredmedia":[{"embeddable":true,"href":"https:\/\/personalwolke.at\/en\/wp-json\/wp\/v2\/media\/25983577"}],"wp:attachment":[{"href":"https:\/\/personalwolke.at\/en\/wp-json\/wp\/v2\/media?parent=25983576"}],"wp:term":[{"taxonomy":"category","embeddable":true,"href":"https:\/\/personalwolke.at\/en\/wp-json\/wp\/v2\/categories?post=25983576"},{"taxonomy":"post_tag","embeddable":true,"href":"https:\/\/personalwolke.at\/en\/wp-json\/wp\/v2\/tags?post=25983576"}],"curies":[{"name":"wp","href":"https:\/\/api.w.org\/{rel}","templated":true}]}}