{"id":25984003,"date":"2025-08-18T10:24:00","date_gmt":"2025-08-18T08:24:00","guid":{"rendered":"https:\/\/personalwolke.at\/?p=25984003"},"modified":"2025-10-06T18:39:30","modified_gmt":"2025-10-06T16:39:30","slug":"new-work-and-time-recording-contradiction-or-opportunity","status":"publish","type":"post","link":"https:\/\/personalwolke.at\/en\/new-work-und-zeiterfassung-widerspruch-oder-chance\/","title":{"rendered":"New Work and time tracking: contradiction or opportunity?"},"content":{"rendered":"\n<p>New Work steht f\u00fcr Freiheit, Flexibilit\u00e4t und Selbstverantwortung \u2013 w\u00e4hrend <a href=\"https:\/\/personalwolke.at\/zeiterfassung\/\">Zeiterfassung<\/a> oft als Kontrolle und B\u00fcrokratie gilt. Doch dieser scheinbare Widerspruch l\u00f6st sich auf, wenn man digitale Zeiterfassung als Werkzeug f\u00fcr Transparenz, Fairness und moderne Arbeitsorganisation begreift. <strong>In diesem Beitrag erfahren Sie, warum Zeiterfassung und New Work nicht Gegens\u00e4tze, sondern ein starkes Duo sind.<\/strong><\/p>\n\n\n\n<div style=\"text-align: center;\">\n  <a class=\"blogpost-button\" href=\"https:\/\/personalwolke.at\/beratung\/\">\n    BERATUNGSTERMIN BUCHEN\n  <\/a>\n<\/div>\n\n\n\n<h2 class=\"wp-block-heading\"><strong>Was bedeutet eigentlich New Work \u2013 und was hat das mit Zeiterfassung zu tun?<\/strong><\/h2>\n\n\n\n<p><strong>New Work<\/strong> beschreibt ein tiefgreifendes Umdenken in der Arbeitswelt. Der Begriff, gepr\u00e4gt vom Sozialphilosophen Frithjof Bergmann, stellt <strong>Freiheit, Selbstverwirklichung und Sinnorientierung<\/strong> in den Mittelpunkt.<\/p>\n\n\n\n<p>Typische Merkmale sind:<\/p>\n\n\n\n<ul class=\"wp-block-list\">\n<li><strong>Flexible Arbeitszeiten<\/strong><\/li>\n\n\n\n<li><strong>Dezentrale Teams<\/strong><\/li>\n\n\n\n<li><strong>Flache Hierarchien<\/strong><\/li>\n\n\n\n<li><strong>Selbstverantwortung<\/strong><\/li>\n\n\n\n<li><strong>Vertrauensarbeitszeit<\/strong><\/li>\n<\/ul>\n\n\n\n<p><strong>Zeiterfassung<\/strong>, so scheint es, passt auf den ersten Blick nicht in dieses Bild. Doch wer genauer hinsieht, erkennt schnell: Ohne eine klare und faire Struktur geraten selbst agile Modelle an ihre Grenzen \u2013 sp\u00e4testens bei Ressourcenplanung, Arbeitszeitschutz oder Projektabrechnung.<\/p>\n\n\n\n<h2 class=\"wp-block-heading\"><strong>Vertrauen statt Kontrolle: Warum Zeiterfassung kein R\u00fcckschritt ist<\/strong><\/h2>\n\n\n\n<p>Die Vorstellung, dass <strong><a href=\"https:\/\/personalwolke.at\/digitale-zeiterfassung-osterreich-arbeitsrechtliche-vorgaben\/\">Zeiterfassung<\/a><\/strong> ein Instrument der Kontrolle ist, stammt aus einer Zeit, in der Arbeitgeber \u201eanwesenheitsbasierte Leistung\u201c als Ma\u00dfstab sahen. In der heutigen Realit\u00e4t \u2013 gepr\u00e4gt von Wissensarbeit, Projektverantwortung und Eigenorganisation \u2013 greift diese Sichtweise zu kurz.<\/p>\n\n\n\n<p><strong>Digitale Zeiterfassungssysteme<\/strong> bieten heute:<\/p>\n\n\n\n<ul class=\"wp-block-list\">\n<li><strong>Transparenz<\/strong>, ohne Kontrolle auszu\u00fcben<\/li>\n\n\n\n<li><strong>Selbstbestimmte Zeiterfassung<\/strong>, angepasst an individuelle Modelle<\/li>\n\n\n\n<li><strong>Effiziente Prozesse<\/strong>, die manuelle Arbeitsschritte ersetzen<\/li>\n\n\n\n<li><strong>Automatisierte Reports<\/strong>, ohne Mehraufwand f\u00fcr F\u00fchrungskr\u00e4fte<\/li>\n<\/ul>\n\n\n\n<p>So erm\u00f6glicht Zeiterfassung Vertrauen \u2013 statt es zu untergraben.<\/p>\n\n\n\n<div style=\"text-align: center;\">\n  <a class=\"blogpost-button\" href=\"https:\/\/personalwolke.at\/testen\/\">\n    30 TAGE KOSTENLOS TESTEN\n  <\/a>\n<\/div>\n\n\n\n<h2 class=\"wp-block-heading\"><strong>Zeiterfassung im New Work Zeitalter \u2013 Pflicht oder \u00fcberfl\u00fcssig?<\/strong><\/h2>\n\n\n\n<p>Viele Unternehmen fragen sich, ob sie in Zeiten von agilen Teams und flexibler Arbeit \u00fcberhaupt noch <a href=\"https:\/\/personalwolke.at\/cloudbasierte-zeiterfassung-und-dsgvo\/\">Arbeitszeit<\/a> erfassen sollen. Die klare Antwort: <strong>Ja \u2013 und sie m\u00fcssen sogar.<\/strong><\/p>\n\n\n\n<p>Nicht nur, weil es gesetzlich vorgeschrieben ist (dazu sp\u00e4ter mehr), sondern weil es auch betriebswirtschaftlich sinnvoll ist:<\/p>\n\n\n\n<ul class=\"wp-block-list\">\n<li><strong><a href=\"https:\/\/personalwolke.at\/uberstunden-zeiterfassung-in-osterreich-richtig-bewerten\/\">\u00dcberstunden<\/a> und Belastung<\/strong> werden transparent<\/li>\n\n\n\n<li><strong><a href=\"https:\/\/personalwolke.at\/forderabrechnung-mit-projektzeiterfassung-so-gehts\/\" target=\"_blank\" rel=\"noreferrer noopener nofollow\">Projektkosten<\/a><\/strong> lassen sich realistisch kalkulieren<\/li>\n\n\n\n<li><strong>Urlaubs- und Abwesenheitsplanung<\/strong> wird einfacher<\/li>\n\n\n\n<li><strong>Arbeitszeitmodelle<\/strong> lassen sich flexibel gestalten und steuern<\/li>\n<\/ul>\n\n\n\n<p>Dabei kommt es nicht auf das <em>Ob<\/em>, sondern auf das <em>Wie<\/em> an \u2013 <strong>digitale Zeiterfassung<\/strong> ist das Schl\u00fcsselwort.<\/p>\n\n\n\n<h2 class=\"wp-block-heading\"><strong>Warum Zeiterfassung Teil der L\u00f6sung ist \u2013 nicht Teil des Problems<\/strong><\/h2>\n\n\n\n<p>Viele Mitarbeitende empfinden Zeiterfassung als l\u00e4stig \u2013 aber nur dann, wenn sie <strong>umst\u00e4ndlich, undurchsichtig oder manuell<\/strong> erfolgt. Genau hier setzen moderne L\u00f6sungen an.<\/p>\n\n\n\n<p>Mit<a href=\"https:\/\/personalwolke.at\/personalwolke\/\"> intelligenter Software<\/a> wird Zeiterfassung zu einem <strong>selbstverst\u00e4ndlichen Bestandteil<\/strong> des Arbeitstages, der sogar entlastet:<\/p>\n\n\n\n<figure class=\"wp-block-table\"><table class=\"has-fixed-layout\"><thead><tr><th>Problem<\/th><th>Digitale L\u00f6sung<\/th><\/tr><\/thead><tbody><tr><td>Manuelle Excel-Listen<\/td><td>Intuitive Web- oder App-Erfassung<\/td><\/tr><tr><td>Fehlende Transparenz<\/td><td>Echtzeit-Zeitkonto f\u00fcr Mitarbeitende<\/td><\/tr><tr><td>Komplexe Arbeitszeitmodelle<\/td><td>Automatisierte Zeitbewertung &amp; Regelwerke<\/td><\/tr><tr><td>Vergessene Buchungen<\/td><td>Erinnerungsfunktionen &amp; Sammelbuchungen<\/td><\/tr><tr><td>Gesetzliche Anforderungen<\/td><td>Konformit\u00e4t durch vorkonfigurierte Regeln<\/td><\/tr><\/tbody><\/table><\/figure>\n\n\n\n<p><strong>Zeiterfassung New Work<\/strong>? Absolut \u2013 wenn das System mitdenkt.<\/p>\n\n\n\n<h2 class=\"wp-block-heading\"><strong>Wie moderne Zeiterfassung mit New work heute aussieht \u2013 und was sie leisten muss<\/strong><\/h2>\n\n\n\n<p>Zeitgem\u00e4\u00dfe Zeiterfassung orientiert sich an den <strong>Bed\u00fcrfnissen von Unternehmen und Mitarbeitenden<\/strong>. Sie muss einfach, flexibel, automatisiert und rechtskonform sein.<\/p>\n\n\n\n<h3 class=\"wp-block-heading\">Wichtige Funktionen digitaler Zeiterfassung:<\/h3>\n\n\n\n<figure class=\"wp-block-table\"><table class=\"has-fixed-layout\"><thead><tr><th>Funktion<\/th><th>Vorteil<\/th><\/tr><\/thead><tbody><tr><td><strong>Browser-Login oder App-Nutzung<\/strong><\/td><td>\u00dcberall erfassbar \u2013 ideal f\u00fcr Remote Work<\/td><\/tr><tr><td><strong>Projektzeiterfassung<\/strong><\/td><td>Zeit auf Kunden, Projekte oder Aufgaben buchen<\/td><\/tr><tr><td><strong>Automatisierte Reports<\/strong><\/td><td>Kein manuelles Reporting mehr n\u00f6tig<\/td><\/tr><tr><td><strong>Individuelle Workflows<\/strong><\/td><td>Abgestimmt auf Unternehmensprozesse<\/td><\/tr><tr><td><strong>Rechtskonforme Bewertung<\/strong><\/td><td>Gesetzeskonform in DE &amp; AT<\/td><\/tr><\/tbody><\/table><\/figure>\n\n\n\n<p>Systeme wie die Personalwolke liefern all das aus einer Hand \u2013 ohne technisches Vorwissen.<\/p>\n\n\n\n<div style=\"text-align: center;\">\n  <a class=\"blogpost-button\" href=\"https:\/\/personalwolke.at\/beratung\/\">\n    BERATUNGSTERMIN BUCHEN\n  <\/a>\n<\/div>\n\n\n\n<h2 class=\"wp-block-heading\"><strong>Vertrauensarbeitszeit und Zeiterfassung \u2013 Widerspruch oder Erg\u00e4nzung?<\/strong><\/h2>\n\n\n\n<p>Ein weit verbreitetes Missverst\u00e4ndnis ist, dass <strong>Vertrauensarbeitszeit<\/strong> bedeutet, dass Arbeitszeit gar nicht mehr dokumentiert wird. Richtig ist: Die Verantwortung liegt beim Mitarbeitenden \u2013 aber <strong>dokumentiert werden muss trotzdem.<\/strong><\/p>\n\n\n\n<p><strong>Digitale Systeme<\/strong> machen genau das m\u00f6glich:<\/p>\n\n\n\n<ul class=\"wp-block-list\">\n<li>Freie Einteilung des Arbeitstages<\/li>\n\n\n\n<li>Selbstst\u00e4ndige Erfassung der geleisteten Stunden<\/li>\n\n\n\n<li>Keine permanente Kontrolle, aber transparente Dokumentation<\/li>\n\n\n\n<li>Integration in bestehende Kalender- oder Projektmanagementsysteme<\/li>\n<\/ul>\n\n\n\n<p>Damit wird Zeiterfassung vom Kontrollinstrument zum <strong>Empowerment-Tool<\/strong>.<\/p>\n\n\n\n<h2 class=\"wp-block-heading\"><strong>Was das Gesetz sagt: Pflicht zur Arbeitszeiterfassung auch bei New Work<\/strong><\/h2>\n\n\n\n<p>Sp\u00e4testens seit dem <strong>BAG-Urteil 2022<\/strong> steht fest: Arbeitgeber in Deutschland sind verpflichtet, ein <strong>objektives Zeiterfassungssystem<\/strong> einzuf\u00fchren. Auch die EU-Richtlinie 2003\/88\/EG verlangt dies.<\/p>\n\n\n\n<h3 class=\"wp-block-heading\">Was bedeutet das f\u00fcr Unternehmen?<\/h3>\n\n\n\n<figure class=\"wp-block-table\"><table class=\"has-fixed-layout\"><thead><tr><th>Anforderung<\/th><th>Umsetzung mit digitaler L\u00f6sung<\/th><\/tr><\/thead><tbody><tr><td><strong>Erfassung der t\u00e4glichen Arbeitszeit<\/strong><\/td><td>Web\/App\/Terminal<\/td><\/tr><tr><td><strong>Nachweisf\u00e4higkeit bei Kontrollen<\/strong><\/td><td>Automatisierte Reports &amp; Zeitnachweise<\/td><\/tr><tr><td><strong>Einhaltung von<a href=\"https:\/\/personalwolke.at\/welche-ruhezeiten-gibt-es-in-osterreich\/\"> Ruhezeiten,<\/a> H\u00f6chstarbeitszeit<\/strong><\/td><td>Integrierte Warnsysteme<\/td><\/tr><tr><td><strong>Zug\u00e4nglichkeit f\u00fcr Mitarbeitende<\/strong><\/td><td>Self-Service-Funktionen<\/td><\/tr><\/tbody><\/table><\/figure>\n\n\n\n<p>Die gute Nachricht: Mit einer <strong>modularen Zeiterfassungssoftware<\/strong> lassen sich diese Vorgaben komfortabel und effizient umsetzen \u2013 ganz ohne Papierchaos.<\/p>\n\n\n\n<h2 class=\"wp-block-heading\"><strong>Hybrides Arbeiten, Homeoffice &amp; Remote Teams \u2013 Zeiterfassung ohne Grenzen<\/strong><\/h2>\n\n\n\n<p>Gerade <strong>hybride Arbeitsmodelle<\/strong> stellen Unternehmen vor neue Herausforderungen: Wie wird Arbeitszeit erfasst, wenn Mitarbeitende an <a href=\"https:\/\/personalwolke.at\/nicht-erstattungsfahige-reisekosten\/\" target=\"_blank\" rel=\"noreferrer noopener nofollow\">verschiedenen Orten<\/a> oder in verschiedenen Zeitzonen arbeiten?<\/p>\n\n\n\n<p>Hier punkten <strong>cloudbasierte Systeme<\/strong>:<\/p>\n\n\n\n<ul class=\"wp-block-list\">\n<li>Login <a href=\"https:\/\/personalwolke.at\/reisekosten-2025-tipps-zur-effizienten-abrechnung-und-verwaltung-inkl-neuer-regelungen\/\">unabh\u00e4ngig vom Ort<\/a><\/li>\n\n\n\n<li>Mobile Erfassung mit GPS-Option (optional)<\/li>\n\n\n\n<li>Schnittstellen zu HR-Software, CRM oder ERP<\/li>\n\n\n\n<li>Automatischer Abgleich von Projektzeiten und Anwesenheit<\/li>\n\n\n\n<li>Berechtigungsmodelle f\u00fcr dezentrale Teams<\/li>\n<\/ul>\n\n\n\n<p>So wird Zeiterfassung zum <strong>Bindeglied zwischen Organisation und Flexibilit\u00e4t<\/strong> \u2013 nicht zum Hindernis.<\/p>\n\n\n\n<h2 class=\"wp-block-heading\">New Work und <strong>Zeiterfassung als Hebel f\u00fcr Effizienz, Fairness und Motivation<\/strong><\/h2>\n\n\n\n<p>Richtig eingesetzt, steigert eine <strong>digitale Zeiterfassung<\/strong> nicht nur die betriebliche Effizienz \u2013 sie f\u00f6rdert auch die <strong>Mitarbeiterzufriedenheit<\/strong>:<\/p>\n\n\n\n<ul class=\"wp-block-list\">\n<li><strong>Fairness<\/strong> bei der Arbeitsverteilung<\/li>\n\n\n\n<li><strong><a href=\"https:\/\/personalwolke.at\/wie-wird-ersatzruhe-in-osterreich-berechnet\/\" target=\"_blank\" rel=\"noreferrer noopener nofollow\">Schutz<\/a><\/strong> vor unbezahlter Mehrarbeit<\/li>\n\n\n\n<li><strong>Klarheit<\/strong> in der Teamkommunikation<\/li>\n\n\n\n<li><strong>Bessere <\/strong><a href=\"https:\/\/personalwolke.at\/reisekosten-abrechnen-in-oesterreich\/\"><strong>Abrechnungsgrundlage<\/strong> f\u00fcr Dienstreisen<\/a> <a href=\"https:\/\/personalwolke.at\/projektzeiterfassung\/\">&amp; Projekte<\/a><\/li>\n\n\n\n<li><strong>Automatisierte Benachrichtigungen<\/strong> bei \u00dcberstunden<\/li>\n<\/ul>\n\n\n\n<p>Gerade in einem von <strong>New Work gepr\u00e4gten Umfeld<\/strong> erwarten Mitarbeitende <strong>Transparenz, Sicherheit und Flexibilit\u00e4t<\/strong> \u2013 moderne Zeiterfassungssysteme bieten genau das.<\/p>\n\n\n\n<div style=\"text-align: center;\">\n  <a class=\"blogpost-button\" href=\"https:\/\/personalwolke.at\/beratung\/\">\n    BERATUNGSTERMIN BUCHEN\n  <\/a>\n<\/div>\n\n\n\n<h2 class=\"wp-block-heading\"><strong>New Work und Zeiterfassung \u2013 keine Gegens\u00e4tze, sondern ein starkes Duo<\/strong><\/h2>\n\n\n\n<p>Die Zeiten, in denen Zeiterfassung nur als Kontrolle verstanden wurde, sind vorbei. In der heutigen Arbeitswelt geht es darum, Prozesse zu <strong>vereinfachen, zu digitalisieren und an die Realit\u00e4t moderner Teams anzupassen<\/strong>.<\/p>\n\n\n\n<p><strong>New Work<\/strong> braucht keine Stechuhr. Aber es braucht Strukturen, die <strong><a href=\"https:\/\/personalwolke.at\/reisekostenabrechnung-at\/\">Freiheit erm\u00f6glichen<\/a><\/strong>, ohne die <strong>Verantwortung<\/strong> zu verlieren.<\/p>\n\n\n\n<p><a href=\"https:\/\/www.workflow.at\/zeiterfassung\/\" target=\"_blank\" rel=\"noreferrer noopener\">Digitale Zeiterfassung<\/a> erf\u00fcllt genau diesen Zweck \u2013 <strong>rechtskonform, benutzerfreundlich und flexibel<\/strong>. F\u00fcr Unternehmen, die auf moderne Arbeitskultur setzen, ist sie kein R\u00fcckschritt, sondern ein Wettbewerbsvorteil.<\/p>\n\n\n\n<h1 class=\"wp-block-heading\"><strong>FAQ: H\u00e4ufige Fragen rund um New Work und  <a href=\"https:\/\/personalwolke.at\/warum-sie-ihre-personalabteilung-digitalisieren-sollten\/\">Zeiterfassung<\/a> <\/strong><\/h1>\n\n\n\n<h3 class=\"wp-block-heading\"><strong>Was ist der Unterschied zwischen Vertrauensarbeitszeit und Gleitzeit?<\/strong><\/h3>\n\n\n\n<p>Bei der <strong>Vertrauensarbeitszeit<\/strong> liegt die Verantwortung f\u00fcr die Zeiteinteilung und -erfassung beim Mitarbeitenden. Es gibt keine Kernarbeitszeit. <strong>Gleitzeit<\/strong> bedeutet hingegen flexible Arbeitszeiten innerhalb festgelegter Rahmenbedingungen, meist mit Zeiterfassung.<\/p>\n\n\n\n<h3 class=\"wp-block-heading\"><strong>Muss ich auch im Homeoffice meine Arbeitszeit erfassen?<\/strong><\/h3>\n\n\n\n<p>Ja. Die <strong>gesetzliche Pflicht zur Arbeitszeiterfassung<\/strong> gilt auch f\u00fcr das Arbeiten im <a href=\"https:\/\/personalwolke.at\/homeoffice-vs-telearbeit-was-sich-veraendert\/\" target=\"_blank\" rel=\"noreferrer noopener nofollow\">Homeoffice<\/a>. Moderne Tools erm\u00f6glichen die Erfassung per <strong>App oder Webbrowser<\/strong> \u2013 ortsunabh\u00e4ngig und einfach.<\/p>\n\n\n\n<h3 class=\"wp-block-heading\"><strong>Kann Zeiterfassung anonym oder ohne Kontrolle erfolgen?<\/strong><\/h3>\n\n\n\n<p>Nein, rechtlich muss die Zeiterfassung <strong>personenbezogen und nachvollziehbar<\/strong> sein. Jedoch kann sie so gestaltet werden, dass <strong>kein Mikromanagement<\/strong> entsteht \u2013 z.\u202fB. durch <strong>Self-Service-Funktionen<\/strong> und transparente Daten.<\/p>\n\n\n\n<h3 class=\"wp-block-heading\"><strong>Was kostet eine digitale Zeiterfassungsl\u00f6sung?<\/strong><\/h3>\n\n\n\n<p>Die Kosten variieren je nach Anbieter, Funktionsumfang und Unternehmensgr\u00f6\u00dfe. Viele L\u00f6sungen \u2013 wie <strong>Personalwolke <\/strong>\u2013 bieten <strong>modulare Preismodelle<\/strong> an, bei denen nur bezahlt wird, was tats\u00e4chlich genutzt wird.<\/p>\n\n\n\n<h3 class=\"wp-block-heading\"><strong>Wie schnell kann ein digitales Zeiterfassungssystem eingef\u00fchrt werden?<\/strong><\/h3>\n\n\n\n<p>Je nach Anbieter und Unternehmensgr\u00f6\u00dfe ist ein Go-Live in kurzer Zeit m\u00f6glich \u2013 besonders bei<a href=\"https:\/\/personalwolke.at\/cloudbasierte-zeiterfassung-und-dsgvo\/\" target=\"_blank\" rel=\"noreferrer noopener nofollow\"> <strong>Cloud-<\/strong><\/a><strong>L\u00f6sungen<\/strong> mit vorkonfigurierten Regeln und <strong>Standard-Schnittstellen<\/strong> zu vorhandenen Systemen.<\/p>\n\n\n\n<div class=\"wp-block-leadin-hubspot-meeting-block\">\n\t\t<div class=\"meetings-iframe-container\" data-src=\"https:\/\/meetings-eu1.hubspot.com\/john-bauer1?embed=true\"><\/div>\n\t\t<script>\n\t\t\tif(window.hbspt && window.hbspt.meetings){\n\t\t\t\twindow.hbspt.meetings.create(\".meetings-iframe-container\");\n\t\t\t}\n\t\t\t<\/script>\n\t\t<\/div>\n\n\n\n<script type=\"application\/ld+json\">\n{\n  \"@context\": \"https:\/\/schema.org\",\n  \"@type\": \"FAQPage\",\n  \"mainEntity\": [\n    {\n      \"@type\": \"Question\",\n      \"name\": \"Was ist der Unterschied zwischen Vertrauensarbeitszeit und Gleitzeit?\",\n      \"acceptedAnswer\": {\n        \"@type\": \"Answer\",\n        \"text\": \"Bei der Vertrauensarbeitszeit liegt die Verantwortung f\u00fcr die Zeiteinteilung und -erfassung beim Mitarbeitenden. Es gibt keine Kernarbeitszeit. Gleitzeit bedeutet hingegen flexible Arbeitszeiten innerhalb festgelegter Rahmenbedingungen, meist mit verpflichtender Zeiterfassung.\"\n      }\n    },\n    {\n      \"@type\": \"Question\",\n      \"name\": \"Muss ich auch im Homeoffice meine Arbeitszeit erfassen?\",\n      \"acceptedAnswer\": {\n        \"@type\": \"Answer\",\n        \"text\": \"Ja. Die gesetzliche Pflicht zur Arbeitszeiterfassung gilt auch im Homeoffice. Moderne Zeiterfassungstools erm\u00f6glichen eine einfache Erfassung \u00fcber App oder Webbrowser \u2013 ortsunabh\u00e4ngig und benutzerfreundlich.\"\n      }\n    },\n    {\n      \"@type\": \"Question\",\n      \"name\": \"Kann Zeiterfassung anonym oder ohne Kontrolle erfolgen?\",\n      \"acceptedAnswer\": {\n        \"@type\": \"Answer\",\n        \"text\": \"Nein, Zeiterfassung muss personenbezogen und nachvollziehbar sein. Allerdings kann sie so gestaltet werden, dass kein Gef\u00fchl von \u00dcberwachung entsteht \u2013 z.\u202fB. durch transparente Self-Service-Systeme ohne Mikromanagement.\"\n      }\n    },\n    {\n      \"@type\": \"Question\",\n      \"name\": \"Was kostet eine digitale Zeiterfassungsl\u00f6sung?\",\n      \"acceptedAnswer\": {\n        \"@type\": \"Answer\",\n        \"text\": \"Die Kosten h\u00e4ngen vom Anbieter, Funktionsumfang und der Unternehmensgr\u00f6\u00dfe ab. Viele moderne Systeme bieten modulare Preismodelle, bei denen nur bezahlt wird, was auch genutzt wird.\"\n      }\n    },\n    {\n      \"@type\": \"Question\",\n      \"name\": \"Wie schnell kann ein digitales Zeiterfassungssystem eingef\u00fchrt werden?\",\n      \"acceptedAnswer\": {\n        \"@type\": \"Answer\",\n        \"text\": \"Abh\u00e4ngig vom Anbieter und vom Setup kann eine moderne Cloud-Zeiterfassung in wenigen Tagen einsatzbereit sein \u2013 insbesondere bei L\u00f6sungen mit Standard-Workflows und Schnittstellen zu bestehenden HR-Systemen.\"\n      }\n    }\n  ]\n}\n<\/script>\n\n\n\n<p><\/p>\n","protected":false},"excerpt":{"rendered":"<p>New Work stands for freedom, flexibility and personal responsibility - while time recording is often seen as control and bureaucracy. However, this apparent contradiction is resolved when digital time recording is seen as a tool for transparency, fairness and modern work organization. In this article, you will find out why time recording and New Work are not opposites, but a strong duo.<\/p>","protected":false},"author":9,"featured_media":25982692,"comment_status":"closed","ping_status":"closed","sticky":false,"template":"","format":"standard","meta":{"content-type":"","inline_featured_image":false,"footnotes":""},"categories":[1,11],"tags":[205,208,203,265,184,267,266,263,64,268,269,47,270,271,209,48],"class_list":["post-25984003","post","type-post","status-publish","format-standard","has-post-thumbnail","hentry","category-allgemein","category-zeiterfassung","tag-arbeitszeiterfassung","tag-arbeitszeiterfassung-app","tag-digitale-zeiterfassung","tag-digitale-zeiterfassung-gesetzeskonform","tag-digitale-zeiterfassung-osterreich","tag-hybrides-arbeiten","tag-new-work","tag-projektzeiterfassung","tag-reisekostenabrechnung","tag-remote-work","tag-vertrauensarbeitszeit","tag-zeiterfassung","tag-zeiterfassung-automatisch","tag-zeiterfassung-fur-remote-work","tag-zeiterfassung-im-homeoffice","tag-zeitwirtschaft"],"yoast_head":"<!-- This site is optimized with the Yoast SEO plugin v27.1.1 - https:\/\/yoast.com\/product\/yoast-seo-wordpress\/ -->\n<title>New Work und Zeiterfassung: Widerspruch oder Chance? - Personalwolke<\/title>\n<meta name=\"description\" content=\"New Work und eine digitale Zeiterfassung stehen f\u00fcr Freiheit, Flexibilit\u00e4t, Fairness, Selbstverantwortung und Transparenz - ein starkes Duo.\" \/>\n<meta name=\"robots\" content=\"index, follow, max-snippet:-1, max-image-preview:large, max-video-preview:-1\" \/>\n<link rel=\"canonical\" href=\"https:\/\/personalwolke.at\/en\/new-work-and-time-recording-contradiction-or-opportunity\/\" \/>\n<meta property=\"og:locale\" content=\"en_US\" \/>\n<meta property=\"og:type\" content=\"article\" \/>\n<meta property=\"og:title\" content=\"New Work und Zeiterfassung: Widerspruch oder Chance? - Personalwolke\" \/>\n<meta property=\"og:description\" content=\"New Work und eine digitale Zeiterfassung stehen f\u00fcr Freiheit, Flexibilit\u00e4t, Fairness, Selbstverantwortung und Transparenz - ein starkes Duo.\" \/>\n<meta property=\"og:url\" content=\"https:\/\/personalwolke.at\/en\/new-work-and-time-recording-contradiction-or-opportunity\/\" \/>\n<meta property=\"og:site_name\" content=\"Personalwolke\" \/>\n<meta property=\"article:published_time\" content=\"2025-08-18T08:24:00+00:00\" \/>\n<meta property=\"article:modified_time\" content=\"2025-10-06T16:39:30+00:00\" \/>\n<meta property=\"og:image\" content=\"https:\/\/personalwolke.at\/wp-content\/uploads\/2025\/01\/Ueber-Uns_2-scaled.jpg\" \/>\n\t<meta property=\"og:image:width\" content=\"2560\" \/>\n\t<meta property=\"og:image:height\" content=\"1706\" \/>\n\t<meta property=\"og:image:type\" content=\"image\/jpeg\" \/>\n<meta name=\"author\" content=\"Helga Gruber\" \/>\n<meta name=\"twitter:card\" content=\"summary_large_image\" \/>\n<meta name=\"twitter:label1\" content=\"Written by\" \/>\n\t<meta name=\"twitter:data1\" content=\"Helga Gruber\" \/>\n\t<meta name=\"twitter:label2\" content=\"Est. reading time\" \/>\n\t<meta name=\"twitter:data2\" content=\"6 minutes\" \/>\n<script type=\"application\/ld+json\" class=\"yoast-schema-graph\">{\"@context\":\"https:\/\/schema.org\",\"@graph\":[{\"@type\":\"Article\",\"@id\":\"https:\/\/personalwolke.at\/new-work-und-zeiterfassung-widerspruch-oder-chance\/#article\",\"isPartOf\":{\"@id\":\"https:\/\/personalwolke.at\/new-work-und-zeiterfassung-widerspruch-oder-chance\/\"},\"author\":{\"name\":\"Helga Gruber\",\"@id\":\"https:\/\/personalwolke.at\/#\/schema\/person\/8cd20cf1c4f5fd5ddb66594ca4702e9e\"},\"headline\":\"New Work und Zeiterfassung: Widerspruch oder Chance?\",\"datePublished\":\"2025-08-18T08:24:00+00:00\",\"dateModified\":\"2025-10-06T16:39:30+00:00\",\"mainEntityOfPage\":{\"@id\":\"https:\/\/personalwolke.at\/new-work-und-zeiterfassung-widerspruch-oder-chance\/\"},\"wordCount\":1117,\"image\":{\"@id\":\"https:\/\/personalwolke.at\/new-work-und-zeiterfassung-widerspruch-oder-chance\/#primaryimage\"},\"thumbnailUrl\":\"https:\/\/personalwolke.at\/wp-content\/uploads\/2025\/01\/Ueber-Uns_2-scaled.jpg\",\"keywords\":[\"arbeitszeiterfassung\",\"arbeitszeiterfassung app\",\"digitale zeiterfassung\",\"digitale Zeiterfassung gesetzeskonform\",\"digitale zeiterfassung \u00f6sterreich\",\"hybrides arbeiten\",\"New Work\",\"Projektzeiterfassung\",\"Reisekostenabrechnung\",\"remote work\",\"Vertrauensarbeitszeit\",\"Zeiterfassung\",\"Zeiterfassung automatisch\",\"Zeiterfassung f\u00fcr remote work\",\"zeiterfassung im homeoffice\",\"Zeitwirtschaft\"],\"articleSection\":[\"Allgemein\",\"Zeiterfassung\"],\"inLanguage\":\"en-US\"},{\"@type\":\"WebPage\",\"@id\":\"https:\/\/personalwolke.at\/new-work-und-zeiterfassung-widerspruch-oder-chance\/\",\"url\":\"https:\/\/personalwolke.at\/new-work-und-zeiterfassung-widerspruch-oder-chance\/\",\"name\":\"New Work und Zeiterfassung: Widerspruch oder Chance? - Personalwolke\",\"isPartOf\":{\"@id\":\"https:\/\/personalwolke.at\/#website\"},\"primaryImageOfPage\":{\"@id\":\"https:\/\/personalwolke.at\/new-work-und-zeiterfassung-widerspruch-oder-chance\/#primaryimage\"},\"image\":{\"@id\":\"https:\/\/personalwolke.at\/new-work-und-zeiterfassung-widerspruch-oder-chance\/#primaryimage\"},\"thumbnailUrl\":\"https:\/\/personalwolke.at\/wp-content\/uploads\/2025\/01\/Ueber-Uns_2-scaled.jpg\",\"datePublished\":\"2025-08-18T08:24:00+00:00\",\"dateModified\":\"2025-10-06T16:39:30+00:00\",\"author\":{\"@id\":\"https:\/\/personalwolke.at\/#\/schema\/person\/8cd20cf1c4f5fd5ddb66594ca4702e9e\"},\"description\":\"New Work und eine digitale Zeiterfassung stehen f\u00fcr Freiheit, Flexibilit\u00e4t, Fairness, Selbstverantwortung und Transparenz - ein starkes Duo.\",\"breadcrumb\":{\"@id\":\"https:\/\/personalwolke.at\/new-work-und-zeiterfassung-widerspruch-oder-chance\/#breadcrumb\"},\"inLanguage\":\"en-US\",\"potentialAction\":[{\"@type\":\"ReadAction\",\"target\":[\"https:\/\/personalwolke.at\/new-work-und-zeiterfassung-widerspruch-oder-chance\/\"]}]},{\"@type\":\"ImageObject\",\"inLanguage\":\"en-US\",\"@id\":\"https:\/\/personalwolke.at\/new-work-und-zeiterfassung-widerspruch-oder-chance\/#primaryimage\",\"url\":\"https:\/\/personalwolke.at\/wp-content\/uploads\/2025\/01\/Ueber-Uns_2-scaled.jpg\",\"contentUrl\":\"https:\/\/personalwolke.at\/wp-content\/uploads\/2025\/01\/Ueber-Uns_2-scaled.jpg\",\"width\":2560,\"height\":1706,\"caption\":\"New Work und Zeiterfassung - Widerspruch oder Chance?\"},{\"@type\":\"BreadcrumbList\",\"@id\":\"https:\/\/personalwolke.at\/new-work-und-zeiterfassung-widerspruch-oder-chance\/#breadcrumb\",\"itemListElement\":[{\"@type\":\"ListItem\",\"position\":1,\"name\":\"Startseite\",\"item\":\"https:\/\/personalwolke.at\/\"},{\"@type\":\"ListItem\",\"position\":2,\"name\":\"New Work und Zeiterfassung: Widerspruch oder Chance?\"}]},{\"@type\":\"WebSite\",\"@id\":\"https:\/\/personalwolke.at\/#website\",\"url\":\"https:\/\/personalwolke.at\/\",\"name\":\"Personalwolke\",\"description\":\"\",\"potentialAction\":[{\"@type\":\"SearchAction\",\"target\":{\"@type\":\"EntryPoint\",\"urlTemplate\":\"https:\/\/personalwolke.at\/?s={search_term_string}\"},\"query-input\":{\"@type\":\"PropertyValueSpecification\",\"valueRequired\":true,\"valueName\":\"search_term_string\"}}],\"inLanguage\":\"en-US\"},{\"@type\":\"Person\",\"@id\":\"https:\/\/personalwolke.at\/#\/schema\/person\/8cd20cf1c4f5fd5ddb66594ca4702e9e\",\"name\":\"Helga Gruber\",\"image\":{\"@type\":\"ImageObject\",\"inLanguage\":\"en-US\",\"@id\":\"https:\/\/personalwolke.at\/#\/schema\/person\/image\/\",\"url\":\"https:\/\/secure.gravatar.com\/avatar\/60b6d427fb4f68e3f637915c8db4c348b5df01ca6215e9b1f2be07ecd66354d4?s=96&d=mm&r=g\",\"contentUrl\":\"https:\/\/secure.gravatar.com\/avatar\/60b6d427fb4f68e3f637915c8db4c348b5df01ca6215e9b1f2be07ecd66354d4?s=96&d=mm&r=g\",\"caption\":\"Helga Gruber\"},\"url\":\"https:\/\/personalwolke.at\/en\/author\/hgruber\/\"}]}<\/script>\n<!-- \/ Yoast SEO plugin. -->","yoast_head_json":{"title":"New Work and time recording: contradiction or opportunity? - Personnel cloud","description":"New Work and digital time recording stand for freedom, flexibility, fairness, personal responsibility and transparency - a strong duo.","robots":{"index":"index","follow":"follow","max-snippet":"max-snippet:-1","max-image-preview":"max-image-preview:large","max-video-preview":"max-video-preview:-1"},"canonical":"https:\/\/personalwolke.at\/en\/new-work-and-time-recording-contradiction-or-opportunity\/","og_locale":"en_US","og_type":"article","og_title":"New Work und Zeiterfassung: Widerspruch oder Chance? - Personalwolke","og_description":"New Work und eine digitale Zeiterfassung stehen f\u00fcr Freiheit, Flexibilit\u00e4t, Fairness, Selbstverantwortung und Transparenz - ein starkes Duo.","og_url":"https:\/\/personalwolke.at\/en\/new-work-and-time-recording-contradiction-or-opportunity\/","og_site_name":"Personalwolke","article_published_time":"2025-08-18T08:24:00+00:00","article_modified_time":"2025-10-06T16:39:30+00:00","og_image":[{"width":2560,"height":1706,"url":"https:\/\/personalwolke.at\/wp-content\/uploads\/2025\/01\/Ueber-Uns_2-scaled.jpg","type":"image\/jpeg"}],"author":"Helga Gruber","twitter_card":"summary_large_image","twitter_misc":{"Written by":"Helga Gruber","Est. reading time":"6 minutes"},"schema":{"@context":"https:\/\/schema.org","@graph":[{"@type":"Article","@id":"https:\/\/personalwolke.at\/new-work-und-zeiterfassung-widerspruch-oder-chance\/#article","isPartOf":{"@id":"https:\/\/personalwolke.at\/new-work-und-zeiterfassung-widerspruch-oder-chance\/"},"author":{"name":"Helga Gruber","@id":"https:\/\/personalwolke.at\/#\/schema\/person\/8cd20cf1c4f5fd5ddb66594ca4702e9e"},"headline":"New Work und Zeiterfassung: Widerspruch oder Chance?","datePublished":"2025-08-18T08:24:00+00:00","dateModified":"2025-10-06T16:39:30+00:00","mainEntityOfPage":{"@id":"https:\/\/personalwolke.at\/new-work-und-zeiterfassung-widerspruch-oder-chance\/"},"wordCount":1117,"image":{"@id":"https:\/\/personalwolke.at\/new-work-und-zeiterfassung-widerspruch-oder-chance\/#primaryimage"},"thumbnailUrl":"https:\/\/personalwolke.at\/wp-content\/uploads\/2025\/01\/Ueber-Uns_2-scaled.jpg","keywords":["arbeitszeiterfassung","arbeitszeiterfassung app","digitale zeiterfassung","digitale Zeiterfassung gesetzeskonform","digitale zeiterfassung \u00f6sterreich","hybrides arbeiten","New Work","Projektzeiterfassung","Reisekostenabrechnung","remote work","Vertrauensarbeitszeit","Zeiterfassung","Zeiterfassung automatisch","Zeiterfassung f\u00fcr remote work","zeiterfassung im homeoffice","Zeitwirtschaft"],"articleSection":["Allgemein","Zeiterfassung"],"inLanguage":"en-US"},{"@type":"WebPage","@id":"https:\/\/personalwolke.at\/new-work-und-zeiterfassung-widerspruch-oder-chance\/","url":"https:\/\/personalwolke.at\/new-work-und-zeiterfassung-widerspruch-oder-chance\/","name":"New Work and time recording: contradiction or opportunity? - Personnel cloud","isPartOf":{"@id":"https:\/\/personalwolke.at\/#website"},"primaryImageOfPage":{"@id":"https:\/\/personalwolke.at\/new-work-und-zeiterfassung-widerspruch-oder-chance\/#primaryimage"},"image":{"@id":"https:\/\/personalwolke.at\/new-work-und-zeiterfassung-widerspruch-oder-chance\/#primaryimage"},"thumbnailUrl":"https:\/\/personalwolke.at\/wp-content\/uploads\/2025\/01\/Ueber-Uns_2-scaled.jpg","datePublished":"2025-08-18T08:24:00+00:00","dateModified":"2025-10-06T16:39:30+00:00","author":{"@id":"https:\/\/personalwolke.at\/#\/schema\/person\/8cd20cf1c4f5fd5ddb66594ca4702e9e"},"description":"New Work and digital time recording stand for freedom, flexibility, fairness, personal responsibility and transparency - a strong duo.","breadcrumb":{"@id":"https:\/\/personalwolke.at\/new-work-und-zeiterfassung-widerspruch-oder-chance\/#breadcrumb"},"inLanguage":"en-US","potentialAction":[{"@type":"ReadAction","target":["https:\/\/personalwolke.at\/new-work-und-zeiterfassung-widerspruch-oder-chance\/"]}]},{"@type":"ImageObject","inLanguage":"en-US","@id":"https:\/\/personalwolke.at\/new-work-und-zeiterfassung-widerspruch-oder-chance\/#primaryimage","url":"https:\/\/personalwolke.at\/wp-content\/uploads\/2025\/01\/Ueber-Uns_2-scaled.jpg","contentUrl":"https:\/\/personalwolke.at\/wp-content\/uploads\/2025\/01\/Ueber-Uns_2-scaled.jpg","width":2560,"height":1706,"caption":"New Work und Zeiterfassung - Widerspruch oder Chance?"},{"@type":"BreadcrumbList","@id":"https:\/\/personalwolke.at\/new-work-und-zeiterfassung-widerspruch-oder-chance\/#breadcrumb","itemListElement":[{"@type":"ListItem","position":1,"name":"Startseite","item":"https:\/\/personalwolke.at\/"},{"@type":"ListItem","position":2,"name":"New Work und Zeiterfassung: Widerspruch oder Chance?"}]},{"@type":"WebSite","@id":"https:\/\/personalwolke.at\/#website","url":"https:\/\/personalwolke.at\/","name":"Personalwolke","description":"","potentialAction":[{"@type":"SearchAction","target":{"@type":"EntryPoint","urlTemplate":"https:\/\/personalwolke.at\/?s={search_term_string}"},"query-input":{"@type":"PropertyValueSpecification","valueRequired":true,"valueName":"search_term_string"}}],"inLanguage":"en-US"},{"@type":"Person","@id":"https:\/\/personalwolke.at\/#\/schema\/person\/8cd20cf1c4f5fd5ddb66594ca4702e9e","name":"Helga Gruber","image":{"@type":"ImageObject","inLanguage":"en-US","@id":"https:\/\/personalwolke.at\/#\/schema\/person\/image\/","url":"https:\/\/secure.gravatar.com\/avatar\/60b6d427fb4f68e3f637915c8db4c348b5df01ca6215e9b1f2be07ecd66354d4?s=96&d=mm&r=g","contentUrl":"https:\/\/secure.gravatar.com\/avatar\/60b6d427fb4f68e3f637915c8db4c348b5df01ca6215e9b1f2be07ecd66354d4?s=96&d=mm&r=g","caption":"Helga Gruber"},"url":"https:\/\/personalwolke.at\/en\/author\/hgruber\/"}]}},"_links":{"self":[{"href":"https:\/\/personalwolke.at\/en\/wp-json\/wp\/v2\/posts\/25984003","targetHints":{"allow":["GET"]}}],"collection":[{"href":"https:\/\/personalwolke.at\/en\/wp-json\/wp\/v2\/posts"}],"about":[{"href":"https:\/\/personalwolke.at\/en\/wp-json\/wp\/v2\/types\/post"}],"author":[{"embeddable":true,"href":"https:\/\/personalwolke.at\/en\/wp-json\/wp\/v2\/users\/9"}],"replies":[{"embeddable":true,"href":"https:\/\/personalwolke.at\/en\/wp-json\/wp\/v2\/comments?post=25984003"}],"version-history":[{"count":3,"href":"https:\/\/personalwolke.at\/en\/wp-json\/wp\/v2\/posts\/25984003\/revisions"}],"predecessor-version":[{"id":25984393,"href":"https:\/\/personalwolke.at\/en\/wp-json\/wp\/v2\/posts\/25984003\/revisions\/25984393"}],"wp:featuredmedia":[{"embeddable":true,"href":"https:\/\/personalwolke.at\/en\/wp-json\/wp\/v2\/media\/25982692"}],"wp:attachment":[{"href":"https:\/\/personalwolke.at\/en\/wp-json\/wp\/v2\/media?parent=25984003"}],"wp:term":[{"taxonomy":"category","embeddable":true,"href":"https:\/\/personalwolke.at\/en\/wp-json\/wp\/v2\/categories?post=25984003"},{"taxonomy":"post_tag","embeddable":true,"href":"https:\/\/personalwolke.at\/en\/wp-json\/wp\/v2\/tags?post=25984003"}],"curies":[{"name":"wp","href":"https:\/\/api.w.org\/{rel}","templated":true}]}}