{"id":6959,"date":"2020-09-04T08:15:11","date_gmt":"2020-09-04T08:15:11","guid":{"rendered":"https:\/\/personalwolke.at\/?p=6959"},"modified":"2025-07-11T17:43:39","modified_gmt":"2025-07-11T15:43:39","slug":"overtime-vs-extra-hour","status":"publish","type":"post","link":"https:\/\/personalwolke.at\/en\/uberstunde-vs-mehrstunde\/","title":{"rendered":"Overtime vs. additional hours in Austria 2025"},"content":{"rendered":"<div class=\"et_pb_section et_pb_section_12 et_animated et_section_regular\">\n<div class=\"et_pb_row et_pb_row_32\">\n<div class=\"et_pb_column et_pb_column_3_4 et_pb_column_49  et_pb_css_mix_blend_mode_passthrough\">\n<div class=\"et_pb_module et_pb_image et_pb_image_20\">\n<div class=\"my-2 first:mt-0 [&amp;:has([data-inline-type=image])+&amp;:has([data-inline-type=image])_[data-inline-type=image]]:hidden [&amp;:has(table)_[data-inline-type=image]]:hidden [&amp;_h1:first-of-type]:mt-8 [&amp;_h2:first-of-type]:mt-6\">\n<div class=\"relative\">\n<div class=\"prose text-pretty dark:prose-invert inline leading-normal break-words min-w-0 [word-break:break-word]\">\n<p class=\"my-0\">Das\u00a0<strong>\u00f6sterreichische Arbeitszeitgesetz<\/strong> und die damit verbundenen Regelungen zu <strong>\u00dcberstunden<\/strong>\u00a0und\u00a0<strong>Mehrstunden<\/strong>\u00a0sind f\u00fcr Unternehmen und Mitarbeitende von zentraler Bedeutung. W\u00e4hrend diese Begriffe oft synonym verwendet werden, unterscheiden sie sich rechtlich erheblich \u2013 mit direkten Auswirkungen auf Verg\u00fctung,\u00a0<a href=\"https:\/\/personalwolke.at\/zeiterfassung\/\"><strong>Zeiterfassung<\/strong><\/a>\u00a0und Compliance.<\/p>\n<h2 id=\"\" class=\"mb-2 mt-6 text-base font-[500] first:mt-0 md:text-lg dark:font-[475] [hr+&amp;]:mt-4\"><strong>Was sind \u00dcberstunden und Mehrstunden? &#8211; Die wichtigsten Definitionen<\/strong><\/h2>\n<h3 class=\"mb-xs mt-5 text-base font-[500] first:mt-0 dark:font-[475]\">Grundlegende Begriffsdefinitionen<\/h3>\n<p class=\"my-0\"><strong>Mehrstunden<\/strong>\u00a0entstehen, wenn Mitarbeitende \u00fcber ihre vereinbarte Arbeitszeit hinaus t\u00e4tig sind, aber noch innerhalb der gesetzlichen\u00a0<strong>Normalarbeitszeit<\/strong>\u00a0von 40 Wochenstunden oder 8 Tagesstunden bleiben.\u00a0<strong>\u00dcberstunden<\/strong>\u00a0hingegen liegen vor, wenn die gesetzlich festgelegte Arbeitszeit \u00fcberschritten wird.<\/p>\n<h3 class=\"mb-xs mt-5 text-base font-[500] first:mt-0 dark:font-[475]\">Gesetzliche vs. kollektivvertragliche Arbeitszeit<\/h3>\n<p class=\"my-0\">Das\u00a0<a href=\"https:\/\/personalwolke.at\/digitale-zeiterfassung-osterreich-arbeitsrechtliche-vorgaben\/\"><strong>Arbeitszeitgesetz \u00d6sterreich<\/strong>\u00a0<\/a>definiert die w\u00f6chentliche Normalarbeitszeit mit 40 Stunden. Viele\u00a0<strong>Kollektivvertr\u00e4ge<\/strong>\u00a0sehen jedoch verk\u00fcrzte Arbeitszeiten vor \u2013 beispielsweise 38,5 Stunden im Handel oder 37 Stunden in der Sozialwirtschaft. Diese Differenz zur gesetzlichen Normalarbeitszeit f\u00fchrt zur Entstehung von\u00a0<strong>Mehrstunden<\/strong>.<\/p>\n<\/div>\n<\/div>\n<\/div>\n<div class=\"my-2 first:mt-0 [&amp;:has([data-inline-type=image])+&amp;:has([data-inline-type=image])_[data-inline-type=image]]:hidden [&amp;:has(table)_[data-inline-type=image]]:hidden [&amp;_h1:first-of-type]:mt-8 [&amp;_h2:first-of-type]:mt-6\">\n<div class=\"relative\">\n<div class=\"prose text-pretty dark:prose-invert inline leading-normal break-words min-w-0 [word-break:break-word]\">\n<h2 id=\"\" class=\"mb-2 mt-6 text-base font-[500] first:mt-0 md:text-lg dark:font-[475] [hr+&amp;]:mt-4\"><strong>Das \u00f6sterreichische Arbeitszeitgesetz als Grundlage<\/strong><\/h2>\n<h3 class=\"mb-xs mt-5 text-base font-[500] first:mt-0 dark:font-[475]\">Normalarbeitszeit nach AZG<\/h3>\n<p class=\"my-0\">Das\u00a0<strong>Arbeitszeitgesetz<\/strong>\u00a0(AZG) regelt als zentrale Rechtsgrundlage die Arbeitszeiten in \u00d6sterreich. Die\u00a0<strong>Normalarbeitszeit<\/strong>\u00a0betr\u00e4gt maximal 8 Stunden t\u00e4glich und 40 Stunden w\u00f6chentlich. Diese Grenzen gelten f\u00fcr alle Arbeitnehmenden, ausgenommen sind leitende Angestellte.<\/p>\n<h3 class=\"mb-xs mt-5 text-base font-[500] first:mt-0 dark:font-[475]\">H\u00f6chstarbeitszeit und Grenzen<\/h3>\n<p class=\"my-0\">Bei erh\u00f6htem Arbeitsbedarf sind bis zu 20\u00a0<strong>\u00dcberstunden<\/strong>\u00a0w\u00f6chentlich zul\u00e4ssig. Die t\u00e4gliche Arbeitszeit darf 12 Stunden, die w\u00f6chentliche 60 Stunden nicht \u00fcberschreiten. Im Durchschnitt von 17 Wochen d\u00fcrfen jedoch maximal 48 Stunden pro Woche gearbeitet werden.<\/p>\n<h3 class=\"mb-xs mt-5 text-base font-[500] first:mt-0 dark:font-[475]\">Ausnahmen und Sonderregelungen<\/h3>\n<p class=\"my-0\">Spezielle Regelungen gelten f\u00fcr Gleitzeit, Schichtarbeit und bestimmte Branchen. Bei\u00a0<strong>Gleitzeitvereinbarungen<\/strong>\u00a0k\u00f6nnen flexible Arbeitszeiten innerhalb definierter Kernzeiten vereinbart werden, wobei die durchschnittliche Wochenarbeitszeit eingehalten werden muss.<\/p>\n<h2 id=\"\" class=\"mb-2 mt-6 text-base font-[500] first:mt-0 md:text-lg dark:font-[475] [hr+&amp;]:mt-4\"><strong>Mehrstunden verstehen: Wann und wie entstehen sie?<\/strong><\/h2>\n<h3 class=\"mb-xs mt-5 text-base font-[500] first:mt-0 dark:font-[475]\">Entstehung von Mehrstunden<\/h3>\n<p class=\"my-0\"><strong>Mehrstunden<\/strong>\u00a0entstehen automatisch, wenn die vertraglich vereinbarte Arbeitszeit \u00fcberschritten wird, aber die gesetzliche Normalarbeitszeit noch nicht erreicht ist. Bei einem\u00a0<strong>Kollektivvertrag<\/strong>\u00a0mit 38,5 Wochenstunden entstehen bereits ab der 39. Arbeitsstunde\u00a0<strong>Mehrstunden<\/strong>.<\/p>\n<h3 class=\"mb-xs mt-5 text-base font-[500] first:mt-0 dark:font-[475]\">Zuschl\u00e4ge und Verg\u00fctung<\/h3>\n<p class=\"my-0\">F\u00fcr\u00a0<strong>Mehrstunden<\/strong>\u00a0geb\u00fchrt grunds\u00e4tzlich ein\u00a0<strong>Zuschlag von 25%<\/strong>\u00a0des normalen Stundenlohns. Dieser\u00a0<strong>Mehrstunden Zuschlag<\/strong>\u00a0kann jedoch durch\u00a0<strong>Zeitausgleich<\/strong>\u00a0im Verh\u00e4ltnis 1:1 innerhalb von drei Monaten abgegolten werden.<\/p>\n<h3 class=\"mb-xs mt-5 text-base font-[500] first:mt-0 dark:font-[475]\">Zeitausgleich-M\u00f6glichkeiten<\/h3>\n<p class=\"my-0\"><strong>Teilzeit<\/strong>-Besch\u00e4ftigte haben bei\u00a0<strong>Mehrarbeit<\/strong>\u00a0verschiedene Optionen: Entweder erfolgt die Abgeltung durch den 25%-Zuschlag oder durch\u00a0<strong>Zeitausgleich 1 zu 1<\/strong>. Die Entscheidung trifft meist der Arbeitgeber, sofern keine anderslautenden Vereinbarungen bestehen.<\/p>\n<h2 id=\"\" class=\"mb-2 mt-6 text-base font-[500] first:mt-0 md:text-lg dark:font-[475] [hr+&amp;]:mt-4\"><strong>\u00dcberstunden in \u00d6sterreich: Regelungen und Grenzen<\/strong><\/h2>\n<h3 class=\"mb-xs mt-5 text-base font-[500] first:mt-0 dark:font-[475]\">Definition von \u00dcberstunden<\/h3>\n<p class=\"my-0\"><strong>\u00dcberstunden<\/strong>\u00a0beginnen ab der 41. Wochenstunde oder der 9. Tagesstunde. Sie m\u00fcssen mit einem\u00a0<strong>\u00dcberstundenzuschlag gesetzlich<\/strong>\u00a0von mindestens 50% verg\u00fctet werden. Die\u00a0<strong>WKO \u00dcberstunden<\/strong>-Richtlinien geben hier klare Vorgaben.<\/p>\n<h3 class=\"mb-xs mt-5 text-base font-[500] first:mt-0 dark:font-[475]\">Anordnungsberechtigung<\/h3>\n<p class=\"my-0\">Arbeitgebende k\u00f6nnen\u00a0<strong>\u00dcberstunden<\/strong>\u00a0nur anordnen, wenn dies vertraglich vereinbart ist und keine ber\u00fccksichtigungsw\u00fcrdigen Interessen der Mitarbeitenden entgegenstehen. Eine generelle Verpflichtung zur\u00a0<strong>\u00dcberstundenarbeit<\/strong>\u00a0besteht nicht.<\/p>\n<h3 class=\"mb-xs mt-5 text-base font-[500] first:mt-0 dark:font-[475]\">Ablehnungsrecht bei wichtigen Gr\u00fcnden<\/h3>\n<p class=\"my-0\">Mitarbeitende k\u00f6nnen\u00a0<strong>\u00dcberstunden<\/strong>\u00a0bei wichtigen pers\u00f6nlichen Gr\u00fcnden ablehnen, etwa bei Kinderbetreuungspflichten oder Arztterminen. Ab der 51. Wochenstunde oder 11. Tagesstunde besteht ein absolutes Ablehnungsrecht ohne Begr\u00fcndung.<\/p>\n<h2 id=\"\" class=\"mb-2 mt-6 text-base font-[500] first:mt-0 md:text-lg dark:font-[475] [hr+&amp;]:mt-4\"><strong>Kollektivvertr\u00e4ge und ihre Auswirkungen auf Arbeitszeiten<\/strong><\/h2>\n<h3 class=\"mb-xs mt-5 text-base font-[500] first:mt-0 dark:font-[475]\">Verk\u00fcrzte Arbeitszeiten in verschiedenen Branchen<\/h3>\n<p class=\"my-0\">Verschiedene Branchen haben unterschiedliche\u00a0<strong>Kollektivvertrag \u00d6sterreich<\/strong>-Regelungen. Der\u00a0<strong>Handelskollektivvertrag<\/strong>\u00a0sieht 38,5 Wochenstunden vor, w\u00e4hrend das Baugewerbe 39 Stunden und die Sozialwirtschaft sogar nur 37 Stunden als\u00a0<strong>verk\u00fcrzte Arbeitszeit<\/strong> definieren.<\/p>\n<\/div>\n<\/div>\n<\/div>\n<div class=\"my-2 first:mt-0 [&amp;:has([data-inline-type=image])+&amp;:has([data-inline-type=image])_[data-inline-type=image]]:hidden [&amp;:has(table)_[data-inline-type=image]]:hidden [&amp;_h1:first-of-type]:mt-8 [&amp;_h2:first-of-type]:mt-6\">\n<div class=\"relative\">\n<div class=\"prose text-pretty dark:prose-invert inline leading-normal break-words min-w-0 [word-break:break-word]\">\n<h3 class=\"mb-xs mt-5 text-base font-[500] first:mt-0 dark:font-[475]\">Auswirkungen auf Mehr- und \u00dcberstunden<\/h3>\n<p class=\"my-0\">Je nach\u00a0<strong>Kollektivvertrag<\/strong>\u00a0entstehen unterschiedlich viele\u00a0<strong>Mehrstunden<\/strong>\u00a0vor Erreichen der\u00a0<strong>\u00dcberstunden<\/strong>-Schwelle. Dies beeinflusst direkt die Verg\u00fctung und die\u00a0<strong>\u00dcberstundenregelung \u00d6sterreich<\/strong>.<\/p>\n<h2 id=\"\" class=\"mb-2 mt-6 text-base font-[500] first:mt-0 md:text-lg dark:font-[475] [hr+&amp;]:mt-4\"><strong>Verg\u00fctung und Zuschl\u00e4ge: So werden Mehr- und \u00dcberstunden bezahlt<\/strong><\/h2>\n<h3 class=\"mb-xs mt-5 text-base font-[500] first:mt-0 dark:font-[475]\">Gesetzliche Mindestzuschl\u00e4ge<\/h3>\n<p class=\"my-0\">Die\u00a0<strong>\u00dcberstundenverg\u00fctung<\/strong>\u00a0erfolgt nach dem\u00a0<strong>\u00dcberstundenverg\u00fctung Gesetz<\/strong>\u00a0mit mindestens 50% Zuschlag.\u00a0<strong>Mehrstunden<\/strong>\u00a0werden mit 25% verg\u00fctet, k\u00f6nnen aber durch\u00a0<strong>Zeitausgleich<\/strong>\u00a0abgegolten werden.<\/p>\n<h3 class=\"mb-xs mt-5 text-base font-[500] first:mt-0 dark:font-[475]\">Berechnungsbeispiele<\/h3>\n<p class=\"my-0\"><strong>Wie werden \u00dcberstunden verg\u00fctet?<\/strong>\u00a0Die Berechnung erfolgt nach der Formel: Grundstundenlohn + Zuschlag = Gesamtverg\u00fctung. Bei einem\u00a0<strong>\u00dcberstundenteiler 40 Stunden Woche<\/strong>\u00a0und einem Monatslohn von 3.000 Euro ergibt sich ein Grundstundenlohn von 17,32 Euro (3.000 \u00f7 173,2 Stunden).<\/p>\n<\/div>\n<\/div>\n<\/div>\n<div class=\"first:-mt-sm my-5 mt-md\">\n<div class=\"flex w-fit items-center rounded-lg p-1.5 border-borderMain\/50 ring-borderMain\/50 divide-borderMain\/50 dark:divide-borderMainDark\/50 dark:ring-borderMainDark\/50 dark:border-borderMainDark\/50 bg-offset\" tabindex=\"0\" role=\"button\">\n<div class=\"m-1 flex h-8 w-8 items-center justify-center rounded-md p-2 border-borderMain\/50 ring-borderMain\/50 divide-borderMain\/50 dark:divide-borderMainDark\/50 dark:ring-borderMainDark\/50 dark:border-borderMainDark\/50 bg-super\">\u00a0<\/div>\n<div class=\"flex flex-col gap-0.5 px-2\">\n<div class=\"!font-display !text-[0.8125rem] font-medium font-sans text-sm text-textMain dark:text-textMainDark selection:bg-super\/50 selection:text-textMain dark:selection:bg-super\/10 dark:selection:text-super\">berechnungsbeispiele_arbeitszeit.csv<\/div>\n<div class=\"!font-display !text-[0.6875rem] leading-none font-sans text-xs font-normal text-textOff dark:text-textOffDark selection:bg-super\/50 selection:text-textMain dark:selection:bg-super\/10 dark:selection:text-super\">Generierte Datei<\/div>\n<\/div>\n<\/div>\n<\/div>\n<div class=\"my-2 first:mt-0 [&amp;:has([data-inline-type=image])+&amp;:has([data-inline-type=image])_[data-inline-type=image]]:hidden [&amp;:has(table)_[data-inline-type=image]]:hidden [&amp;_h1:first-of-type]:mt-8 [&amp;_h2:first-of-type]:mt-6\">\n<div class=\"relative\">\n<div class=\"prose text-pretty dark:prose-invert inline leading-normal break-words min-w-0 [word-break:break-word]\">\n<h3 class=\"mb-xs mt-5 text-base font-[500] first:mt-0 dark:font-[475]\">Zeitausgleich vs. Geldverg\u00fctung<\/h3>\n<p class=\"my-0\">Arbeitgebende und Arbeitnehmende k\u00f6nnen einvernehmlich festlegen, ob\u00a0<strong>\u00dcberstunden<\/strong>\u00a0in Geld oder durch\u00a0<strong>Zeitausgleich<\/strong>\u00a0abgegolten werden. Bei\u00a0<strong>Zeitausgleich<\/strong>\u00a0m\u00fcssen\u00a0<strong>\u00dcberstunden<\/strong>\u00a0im Verh\u00e4ltnis 1:1,5 ausgeglichen werden, um den 50%-Zuschlag zu ber\u00fccksichtigen.<\/p>\n<h2 id=\"\" class=\"mb-2 mt-6 text-base font-[500] first:mt-0 md:text-lg dark:font-[475] [hr+&amp;]:mt-4\"><strong>Zeiterfassung in \u00d6sterreich: Pflichten f\u00fcr Arbeitgebende<\/strong><\/h2>\n<h3 class=\"mb-xs mt-5 text-base font-[500] first:mt-0 dark:font-[475]\">Aufzeichnungspflicht nach \u00a7 26 AZG<\/h3>\n<p class=\"my-0\">Das\u00a0<strong>Zeiterfassung Gesetz \u00d6sterreich<\/strong>\u00a0verpflichtet alle Unternehmen zur\u00a0<strong>Arbeitszeiterfassung<\/strong>. Nach \u00a7 26 AZG m\u00fcssen Beginn und Ende der Arbeitszeit, Pausen sowie Wochen- und Tagesarbeitszeit erfasst werden.<\/p>\n<h3 class=\"mb-xs mt-5 text-base font-[500] first:mt-0 dark:font-[475]\">Was muss erfasst werden<\/h3>\n<p class=\"my-0\">Die\u00a0<strong>Arbeitszeiterfassung \u00d6sterreich<\/strong> umfasst detaillierte Aufzeichnungen: t\u00e4gliche Arbeitszeit, Ruhepausen, \u00dcberstunden und bei flexiblen Modellen auch Durchrechnungszeitr\u00e4ume. Verst\u00f6\u00dfe k\u00f6nnen zu Geldstrafen zwischen 145 und 1.815 Euro f\u00fchren.<\/p>\n<\/div>\n<\/div>\n<\/div>\n<div class=\"my-2 first:mt-0 [&amp;:has([data-inline-type=image])+&amp;:has([data-inline-type=image])_[data-inline-type=image]]:hidden [&amp;:has(table)_[data-inline-type=image]]:hidden [&amp;_h1:first-of-type]:mt-8 [&amp;_h2:first-of-type]:mt-6\">\n<div class=\"relative\">\n<div class=\"prose text-pretty dark:prose-invert inline leading-normal break-words min-w-0 [word-break:break-word]\">\n<h3 class=\"mb-xs mt-5 text-base font-[500] first:mt-0 dark:font-[475]\">Ausnahmen und Besonderheiten<\/h3>\n<p class=\"my-0\">Leitende Angestellte sind von der\u00a0Zeiterfassungspflicht ausgenommen. Bei festen Dienstpl\u00e4nen reicht eine monatliche Best\u00e4tigung der Einhaltung, nur Abweichungen m\u00fcssen laufend erfasst werden.<\/p>\n<h2 id=\"\" class=\"mb-2 mt-6 text-base font-[500] first:mt-0 md:text-lg dark:font-[475] [hr+&amp;]:mt-4\"><strong>Digitale Zeiterfassungssysteme im Fokus<\/strong><\/h2>\n<h3 class=\"mb-xs mt-5 text-base font-[500] first:mt-0 dark:font-[475]\">Vorteile digitaler L\u00f6sungen<\/h3>\n<p class=\"my-0\"><a href=\"https:\/\/personalwolke.at\/personalwolke-time-zeiterfassung-oesterreich\/\"><strong>Digitale Zeiterfassungsl\u00f6sung f\u00fcr \u00d6sterreich<\/strong><\/a>\u00a0bietet zahlreiche Vorteile: automatisierte Berechnung von\u00a0<strong>\u00dcberstunden<\/strong>, vereinfachte Compliance und reduzierte Verwaltungsaufw\u00e4nde. Moderne\u00a0<strong>Zeiterfassungssoftware<\/strong>\u00a0wie\u00a0<strong>Personalwolke<\/strong> erf\u00fcllt alle gesetzlichen Anforderungen und berechnen Mehrarbeit automatisch<\/p>\n<h3 class=\"mb-xs mt-5 text-base font-[500] first:mt-0 dark:font-[475]\">Gesetzeskonforme Umsetzung<\/h3>\n<p class=\"my-0\"><strong>Elektronische Zeiterfassungen f\u00fcr \u00d6sterreich<\/strong> m\u00fcssen alle AZG-Anforderungen erf\u00fcllen. Dazu geh\u00f6ren minutengenaue Aufzeichnungen, sichere Datenspeicherung und die M\u00f6glichkeit f\u00fcr Mitarbeitende, ihre Daten monatlich kostenlos anzufordern.<\/p>\n<h3 class=\"mb-xs mt-5 text-base font-[500] first:mt-0 dark:font-[475]\">Software-Anforderungen<\/h3>\n<p class=\"my-0\">Eine professionelle\u00a0<strong>Zeiterfassung f\u00fcr Mitarbeiter <\/strong>sollte DSGVO-konform sein, mobile Erfassung unterst\u00fctzen und automatische \u00dcberstunden-Berechnungen bieten. Integration in bestehende HR-Systeme ist dabei essentiell.<\/p>\n<h2 id=\"\" class=\"mb-2 mt-6 text-base font-[500] first:mt-0 md:text-lg dark:font-[475] [hr+&amp;]:mt-4\"><strong>Homeoffice und mobile Arbeit: Besondere Regelungen<\/strong><\/h2>\n<h3 class=\"mb-xs mt-5 text-base font-[500] first:mt-0 dark:font-[475]\">Zeiterfassung im Homeoffice<\/h3>\n<p class=\"my-0\"><strong>Zeiterfassung im Homeoffice<\/strong>\u00a0unterliegt denselben gesetzlichen Bestimmungen wie B\u00fcroarbeit. Bei selbstbestimmter Arbeitszeit reicht jedoch die Erfassung der t\u00e4glichen Arbeitszeit-Dauer nach \u00a7 26 Abs. 3 AZG.<\/p>\n<h3 class=\"mb-xs mt-5 text-base font-[500] first:mt-0 dark:font-[475]\">Mobile Zeiterfassung<\/h3>\n<p class=\"my-0\"><strong>Zeiterfassungs Apps<\/strong>\u00a0erm\u00f6glichen flexible Arbeitszeiterfassung von jedem Ort. Wichtig ist dabei die Einhaltung von Pausenzeiten und Ruhezeiten auch im\u00a0<strong>Homeoffice<\/strong>.<\/p>\n<h3 class=\"mb-xs mt-5 text-base font-[500] first:mt-0 dark:font-[475]\">Besondere Anforderungen<\/h3>\n<p class=\"my-0\"><strong>Mobile Zeiterfassungen<\/strong> m\u00fcssen besondere Datenschutzanforderungen erf\u00fcllen und sollte Offline-Funktionalit\u00e4t bieten. Die Synchronisation mit zentralen Systemen muss sicher und verschl\u00fcsselt erfolgen.<\/p>\n<h2 id=\"\" class=\"mb-2 mt-6 text-base font-[500] first:mt-0 md:text-lg dark:font-[475] [hr+&amp;]:mt-4\"><strong>Praxis-Tipps f\u00fcr Unternehmen und Mitarbeitende<\/strong><\/h2>\n<h3 class=\"mb-xs mt-5 text-base font-[500] first:mt-0 dark:font-[475]\">Compliance sicherstellen<\/h3>\n<p class=\"my-0\"><strong>Zeiterfassung Unternehmen \u00d6sterreich<\/strong>\u00a0erfordert klare Prozesse und regelm\u00e4\u00dfige Kontrollen. Unternehmen sollten ihre\u00a0<strong>Zeiterfassungssysteme<\/strong>\u00a0regelm\u00e4\u00dfig auf Gesetzeskonformit\u00e4t pr\u00fcfen und Mitarbeitende entsprechend schulen.<\/p>\n<h3 class=\"mb-xs mt-5 text-base font-[500] first:mt-0 dark:font-[475]\">H\u00e4ufige Fehler vermeiden<\/h3>\n<p class=\"my-0\">Typische Fehler sind unvollst\u00e4ndige Pausenerfassung, fehlerhafte\u00a0<strong>\u00dcberstunden<\/strong>-Berechnungen und mangelnde Dokumentation bei flexiblen Arbeitszeiten. Eine professionelle\u00a0<strong>HR Software<\/strong>-L\u00f6sung kann diese Risiken minimieren.<\/p>\n<h3 class=\"mb-xs mt-5 text-base font-[500] first:mt-0 dark:font-[475]\">Best Practices<\/h3>\n<p class=\"my-0\">Erfolgreiche\u00a0<strong>Arbeitszeit<\/strong>-Verwaltung basiert auf klaren Regeln, transparenter Kommunikation und benutzerfreundlichen Tools. Regelm\u00e4\u00dfige Schulungen und Updates zu\u00a0<strong>Arbeitsrecht \u00dcberstunden<\/strong>-Bestimmungen sind dabei unerl\u00e4sslich.<\/p>\n<p class=\"my-0\"><strong>Rechtlicher Hinweis:<\/strong>\u00a0Diese Informationen wurden sorgf\u00e4ltig recherchiert, ersetzen jedoch keine rechtliche Beratung. F\u00fcr bindende Ausk\u00fcnfte wenden Sie sich an Ihren Rechtsberater oder informieren sich unter\u00a0<a class=\"break-word hover:text-super hover:decoration-super underline decoration-from-font underline-offset-1 transition-all duration-300\" href=\"https:\/\/www.wko.at\/service\/arbeitsrecht-sozialrecht\/start.html\" target=\"_blank\" rel=\"nofollow noopener\">https:\/\/www.wko.at\/service\/arbeitsrecht-sozialrecht\/start.html<\/a>.<\/p>\n<\/div>\n<\/div>\n<h2 class=\"mb-xs mt-5 text-base font-[500] first:mt-0 dark:font-[475]\"><strong>H\u00e4ufig gestellte Fragen zu \u00dcberstunden und Mehrstunden<\/strong><\/h2>\n<h3 class=\"my-0\"><strong>Was ist der Unterschied zwischen \u00dcberstunden und Mehrstunden?<\/strong><\/h3>\n<p class=\"my-0\"><strong>Mehrstunden<\/strong>\u00a0entstehen, wenn Sie \u00fcber Ihre vertraglich vereinbarte Arbeitszeit hinaus arbeiten, aber noch innerhalb der gesetzlichen 40-Stunden-Woche bleiben.\u00a0<strong>\u00dcberstunden<\/strong>\u00a0liegen vor, wenn Sie die gesetzliche Normalarbeitszeit von 40 Wochenstunden oder 8 Tagesstunden \u00fcberschreiten.<\/p>\n<h3 class=\"my-0\"><strong>Wie hoch sind die Zuschl\u00e4ge f\u00fcr Mehr- und \u00dcberstunden?<\/strong><\/h3>\n<p class=\"my-0\">F\u00fcr\u00a0<strong>Mehrstunden<\/strong>\u00a0erhalten Sie einen Zuschlag von 25% oder k\u00f6nnen\u00a0<strong>Zeitausgleich<\/strong>\u00a0im Verh\u00e4ltnis 1:1 w\u00e4hlen.\u00a0<strong>\u00dcberstunden<\/strong>\u00a0werden mit mindestens 50% Zuschlag verg\u00fctet oder durch\u00a0<strong>Zeitausgleich<\/strong>\u00a0im Verh\u00e4ltnis 1:1,5 abgegolten.<\/p>\n<h3 class=\"my-0\"><strong>Muss ich \u00dcberstunden leisten, wenn mein Arbeitgeber das verlangt?<\/strong><\/h3>\n<p class=\"my-0\">Sie k\u00f6nnen\u00a0<strong>\u00dcberstunden<\/strong>\u00a0bei wichtigen pers\u00f6nlichen Gr\u00fcnden ablehnen. Ab der 51. Wochenstunde oder 11. Tagesstunde haben Sie ein absolutes Ablehnungsrecht ohne Begr\u00fcndungspflicht.<\/p>\n<h3 class=\"my-0\"><strong>Welche Zeiterfassung ist in \u00d6sterreich gesetzlich vorgeschrieben?<\/strong><\/h3>\n<p class=\"my-0\">Nach \u00a7 26 AZG m\u00fcssen alle Unternehmen Beginn und Ende der Arbeitszeit, Pausen sowie die t\u00e4gliche und w\u00f6chentliche Arbeitszeit erfassen. Ausgenommen sind nur leitende Angestellte.<\/p>\n<h3 class=\"my-0\"><strong>Wie werden \u00dcberstunden bei Teilzeit berechnet?<\/strong><\/h3>\n<p class=\"my-0\">Bei\u00a0<strong>Teilzeit<\/strong>\u00a0entstehen\u00a0<strong>Mehrstunden<\/strong>\u00a0ab der ersten Stunde \u00fcber Ihre vereinbarte Arbeitszeit bis zur 40-Stunden-Grenze. Erst danach beginnen die\u00a0<strong>\u00dcberstunden<\/strong>\u00a0mit 50% Zuschlag.<\/p>\n<h3 class=\"my-0\"><strong>Kann ich \u00dcberstunden durch Zeitausgleich abgelten?<\/strong><\/h3>\n<p class=\"my-0\">Ja,\u00a0<strong>\u00dcberstunden<\/strong>\u00a0k\u00f6nnen durch\u00a0<strong>Zeitausgleich<\/strong>\u00a0im Verh\u00e4ltnis 1:1,5 abgegolten werden,\u00a0<strong>Mehrstunden<\/strong>\u00a0im Verh\u00e4ltnis 1:1. Die Entscheidung zwischen Geldverg\u00fctung und Zeitausgleich treffen Sie gemeinsam mit Ihrem Arbeitgeber.<\/p>\n<h3 class=\"my-0\"><strong>Gelten im Homeoffice die gleichen Zeiterfassungsregeln?<\/strong><\/h3>\n<p class=\"my-0\">Ja, die\u00a0<strong>Zeiterfassung im Homeoffice<\/strong> unterliegt denselben gesetzlichen Bestimmungen. Bei selbstbestimmter Arbeitszeit reicht die Erfassung der t\u00e4glichen Arbeitszeit-Dauer nach \u00a7 26 Abs. 3 AZG.<\/p>\n<\/div>\n<\/div>\n<\/div>\n<\/div>\n<\/div>\n\n\n<script type=\"application\/ld+json\">\n{\n  \"@context\": \"https:\/\/schema.org\",\n  \"@type\": \"FAQPage\",\n  \"mainEntity\": [\n    {\n      \"@type\": \"Question\",\n      \"name\": \"Was ist der Unterschied zwischen \u00dcberstunden und Mehrstunden in \u00d6sterreich?\",\n      \"acceptedAnswer\": {\n        \"@type\": \"Answer\",\n        \"text\": \"Mehrstunden entstehen, wenn Sie \u00fcber Ihre vertraglich vereinbarte Arbeitszeit hinaus arbeiten, aber noch innerhalb der gesetzlichen 40-Stunden-Woche bleiben. \u00dcberstunden liegen vor, wenn Sie die gesetzliche Normalarbeitszeit von 40 Wochenstunden oder 8 Tagesstunden \u00fcberschreiten.\"\n      }\n    },\n    {\n      \"@type\": \"Question\",\n      \"name\": \"Wie hoch sind die Zuschl\u00e4ge f\u00fcr Mehr- und \u00dcberstunden in \u00d6sterreich?\",\n      \"acceptedAnswer\": {\n        \"@type\": \"Answer\",\n        \"text\": \"F\u00fcr Mehrstunden erhalten Sie einen Zuschlag von 25% oder k\u00f6nnen Zeitausgleich im Verh\u00e4ltnis 1:1 w\u00e4hlen. \u00dcberstunden werden mit mindestens 50% Zuschlag verg\u00fctet oder durch Zeitausgleich im Verh\u00e4ltnis 1:1,5 abgegolten.\"\n      }\n    },\n    {\n      \"@type\": \"Question\",\n      \"name\": \"Muss ich \u00dcberstunden leisten, wenn mein Arbeitgeber das verlangt?\",\n      \"acceptedAnswer\": {\n        \"@type\": \"Answer\",\n        \"text\": \"Sie k\u00f6nnen \u00dcberstunden bei wichtigen pers\u00f6nlichen Gr\u00fcnden ablehnen. Ab der 51. Wochenstunde oder 11. Tagesstunde haben Sie ein absolutes Ablehnungsrecht ohne Begr\u00fcndungspflicht.\"\n      }\n    },\n    {\n      \"@type\": \"Question\",\n      \"name\": \"Welche Zeiterfassung ist in \u00d6sterreich gesetzlich vorgeschrieben?\",\n      \"acceptedAnswer\": {\n        \"@type\": \"Answer\",\n        \"text\": \"Nach \u00a7 26 AZG m\u00fcssen alle Unternehmen Beginn und Ende der Arbeitszeit, Pausen sowie die t\u00e4gliche und w\u00f6chentliche Arbeitszeit erfassen. Ausgenommen sind nur leitende Angestellte.\"\n      }\n    },\n    {\n      \"@type\": \"Question\",\n      \"name\": \"Wie werden \u00dcberstunden bei Teilzeit berechnet?\",\n      \"acceptedAnswer\": {\n        \"@type\": \"Answer\",\n        \"text\": \"Bei Teilzeit entstehen Mehrstunden ab der ersten Stunde \u00fcber Ihre vereinbarte Arbeitszeit bis zur 40-Stunden-Grenze. Erst danach beginnen die \u00dcberstunden mit 50% Zuschlag.\"\n      }\n    },\n    {\n      \"@type\": \"Question\",\n      \"name\": \"Kann ich \u00dcberstunden durch Zeitausgleich abgelten?\",\n      \"acceptedAnswer\": {\n        \"@type\": \"Answer\",\n        \"text\": \"Ja, \u00dcberstunden k\u00f6nnen durch Zeitausgleich im Verh\u00e4ltnis 1:1,5 abgegolten werden, Mehrstunden im Verh\u00e4ltnis 1:1. Die Entscheidung zwischen Geldverg\u00fctung und Zeitausgleich treffen Sie gemeinsam mit Ihrem Arbeitgeber.\"\n      }\n    },\n    {\n      \"@type\": \"Question\",\n      \"name\": \"Gelten im Homeoffice die gleichen Zeiterfassungsregeln?\",\n      \"acceptedAnswer\": {\n        \"@type\": \"Answer\",\n        \"text\": \"Ja, die Zeiterfassung im Homeoffice unterliegt denselben gesetzlichen Bestimmungen. Bei selbstbestimmter Arbeitszeit reicht die Erfassung der t\u00e4glichen Arbeitszeit-Dauer nach \u00a7 26 Abs. 3 AZG.\"\n      }\n    }\n  ]\n}<\/script>\n\n\n\n<p><\/p>\n","protected":false},"excerpt":{"rendered":"<p>Overtime vs. additional hours - do you know the difference? Read more now.<\/p>","protected":false},"author":2,"featured_media":25981990,"comment_status":"closed","ping_status":"open","sticky":false,"template":"","format":"standard","meta":{"content-type":"","inline_featured_image":false,"footnotes":""},"categories":[11],"tags":[],"class_list":["post-6959","post","type-post","status-publish","format-standard","has-post-thumbnail","hentry","category-zeiterfassung"],"yoast_head":"<!-- This site is optimized with the Yoast SEO plugin v27.1.1 - https:\/\/yoast.com\/product\/yoast-seo-wordpress\/ -->\n<title>\u1405 \u00dcberstunden vs. Mehrstunden | Klarer Vergleich &amp; Regeln<\/title>\n<meta name=\"description\" content=\"\u2713 \u00dcberstunden vs. Mehrstunden \u2013 was sind die Unterschiede? Klare Erkl\u00e4rung, Abrechnung &amp; Regeln in \u00d6sterreich \u27a4 Jetzt lesen!\" \/>\n<meta name=\"robots\" content=\"index, follow, max-snippet:-1, max-image-preview:large, max-video-preview:-1\" \/>\n<link rel=\"canonical\" href=\"https:\/\/personalwolke.at\/en\/overtime-vs-extra-hour\/\" \/>\n<meta property=\"og:locale\" content=\"en_US\" \/>\n<meta property=\"og:type\" content=\"article\" \/>\n<meta property=\"og:title\" content=\"\u1405 \u00dcberstunden vs. Mehrstunden | Klarer Vergleich &amp; Regeln\" \/>\n<meta property=\"og:description\" content=\"\u2713 \u00dcberstunden vs. Mehrstunden \u2013 was sind die Unterschiede? Klare Erkl\u00e4rung, Abrechnung &amp; Regeln in \u00d6sterreich \u27a4 Jetzt lesen!\" \/>\n<meta property=\"og:url\" content=\"https:\/\/personalwolke.at\/en\/overtime-vs-extra-hour\/\" \/>\n<meta property=\"og:site_name\" content=\"Personalwolke\" \/>\n<meta property=\"article:published_time\" content=\"2020-09-04T08:15:11+00:00\" \/>\n<meta property=\"article:modified_time\" content=\"2025-07-11T15:43:39+00:00\" \/>\n<meta property=\"og:image\" content=\"https:\/\/personalwolke.at\/wp-content\/uploads\/2020\/09\/Ueberstundenpauschale-1024x576.png\" \/>\n\t<meta property=\"og:image:width\" content=\"1024\" \/>\n\t<meta property=\"og:image:height\" content=\"576\" \/>\n\t<meta property=\"og:image:type\" content=\"image\/png\" \/>\n<meta name=\"author\" content=\"felix.admin99\" \/>\n<meta name=\"twitter:card\" content=\"summary_large_image\" \/>\n<meta name=\"twitter:label1\" content=\"Written by\" \/>\n\t<meta name=\"twitter:data1\" content=\"felix.admin99\" \/>\n\t<meta name=\"twitter:label2\" content=\"Est. reading time\" \/>\n\t<meta name=\"twitter:data2\" content=\"7 minutes\" \/>\n<script type=\"application\/ld+json\" class=\"yoast-schema-graph\">{\"@context\":\"https:\/\/schema.org\",\"@graph\":[{\"@type\":\"Article\",\"@id\":\"https:\/\/personalwolke.at\/uberstunde-vs-mehrstunde\/#article\",\"isPartOf\":{\"@id\":\"https:\/\/personalwolke.at\/uberstunde-vs-mehrstunde\/\"},\"author\":{\"name\":\"felix.admin99\",\"@id\":\"https:\/\/personalwolke.at\/#\/schema\/person\/f2fcd74b7c6aed7f398987b0ac86dd26\"},\"headline\":\"\u00dcberstunden vs. Mehrstunden in \u00d6sterreich 2025\",\"datePublished\":\"2020-09-04T08:15:11+00:00\",\"dateModified\":\"2025-07-11T15:43:39+00:00\",\"mainEntityOfPage\":{\"@id\":\"https:\/\/personalwolke.at\/uberstunde-vs-mehrstunde\/\"},\"wordCount\":1270,\"image\":{\"@id\":\"https:\/\/personalwolke.at\/uberstunde-vs-mehrstunde\/#primaryimage\"},\"thumbnailUrl\":\"https:\/\/personalwolke.at\/wp-content\/uploads\/2020\/09\/Ueberstundenpauschale.png\",\"articleSection\":[\"Zeiterfassung\"],\"inLanguage\":\"en-US\"},{\"@type\":\"WebPage\",\"@id\":\"https:\/\/personalwolke.at\/uberstunde-vs-mehrstunde\/\",\"url\":\"https:\/\/personalwolke.at\/uberstunde-vs-mehrstunde\/\",\"name\":\"\u1405 \u00dcberstunden vs. Mehrstunden | Klarer Vergleich & Regeln\",\"isPartOf\":{\"@id\":\"https:\/\/personalwolke.at\/#website\"},\"primaryImageOfPage\":{\"@id\":\"https:\/\/personalwolke.at\/uberstunde-vs-mehrstunde\/#primaryimage\"},\"image\":{\"@id\":\"https:\/\/personalwolke.at\/uberstunde-vs-mehrstunde\/#primaryimage\"},\"thumbnailUrl\":\"https:\/\/personalwolke.at\/wp-content\/uploads\/2020\/09\/Ueberstundenpauschale.png\",\"datePublished\":\"2020-09-04T08:15:11+00:00\",\"dateModified\":\"2025-07-11T15:43:39+00:00\",\"author\":{\"@id\":\"https:\/\/personalwolke.at\/#\/schema\/person\/f2fcd74b7c6aed7f398987b0ac86dd26\"},\"description\":\"\u2713 \u00dcberstunden vs. Mehrstunden \u2013 was sind die Unterschiede? Klare Erkl\u00e4rung, Abrechnung & Regeln in \u00d6sterreich \u27a4 Jetzt lesen!\",\"breadcrumb\":{\"@id\":\"https:\/\/personalwolke.at\/uberstunde-vs-mehrstunde\/#breadcrumb\"},\"inLanguage\":\"en-US\",\"potentialAction\":[{\"@type\":\"ReadAction\",\"target\":[\"https:\/\/personalwolke.at\/uberstunde-vs-mehrstunde\/\"]}]},{\"@type\":\"ImageObject\",\"inLanguage\":\"en-US\",\"@id\":\"https:\/\/personalwolke.at\/uberstunde-vs-mehrstunde\/#primaryimage\",\"url\":\"https:\/\/personalwolke.at\/wp-content\/uploads\/2020\/09\/Ueberstundenpauschale.png\",\"contentUrl\":\"https:\/\/personalwolke.at\/wp-content\/uploads\/2020\/09\/Ueberstundenpauschale.png\",\"width\":1920,\"height\":1080},{\"@type\":\"BreadcrumbList\",\"@id\":\"https:\/\/personalwolke.at\/uberstunde-vs-mehrstunde\/#breadcrumb\",\"itemListElement\":[{\"@type\":\"ListItem\",\"position\":1,\"name\":\"Startseite\",\"item\":\"https:\/\/personalwolke.at\/\"},{\"@type\":\"ListItem\",\"position\":2,\"name\":\"\u00dcberstunden vs. Mehrstunden in \u00d6sterreich 2025\"}]},{\"@type\":\"WebSite\",\"@id\":\"https:\/\/personalwolke.at\/#website\",\"url\":\"https:\/\/personalwolke.at\/\",\"name\":\"Personalwolke\",\"description\":\"\",\"potentialAction\":[{\"@type\":\"SearchAction\",\"target\":{\"@type\":\"EntryPoint\",\"urlTemplate\":\"https:\/\/personalwolke.at\/?s={search_term_string}\"},\"query-input\":{\"@type\":\"PropertyValueSpecification\",\"valueRequired\":true,\"valueName\":\"search_term_string\"}}],\"inLanguage\":\"en-US\"},{\"@type\":\"Person\",\"@id\":\"https:\/\/personalwolke.at\/#\/schema\/person\/f2fcd74b7c6aed7f398987b0ac86dd26\",\"name\":\"felix.admin99\",\"image\":{\"@type\":\"ImageObject\",\"inLanguage\":\"en-US\",\"@id\":\"https:\/\/personalwolke.at\/#\/schema\/person\/image\/\",\"url\":\"https:\/\/secure.gravatar.com\/avatar\/e44ed9525e7cc611ce022a43d19b90d94ab3e975e90eba38730e6655459715b2?s=96&d=mm&r=g\",\"contentUrl\":\"https:\/\/secure.gravatar.com\/avatar\/e44ed9525e7cc611ce022a43d19b90d94ab3e975e90eba38730e6655459715b2?s=96&d=mm&r=g\",\"caption\":\"felix.admin99\"},\"url\":\"https:\/\/personalwolke.at\/en\/author\/felix-admin99\/\"}]}<\/script>\n<!-- \/ Yoast SEO plugin. -->","yoast_head_json":{"title":"\u1405 Overtime vs. extra hours | Clear comparison &amp; rules","description":"\u2713 Overtime vs. extra hours - what are the differences? Clear explanation, billing &amp; rules in Austria \u27a4 Read now!","robots":{"index":"index","follow":"follow","max-snippet":"max-snippet:-1","max-image-preview":"max-image-preview:large","max-video-preview":"max-video-preview:-1"},"canonical":"https:\/\/personalwolke.at\/en\/overtime-vs-extra-hour\/","og_locale":"en_US","og_type":"article","og_title":"\u1405 \u00dcberstunden vs. Mehrstunden | Klarer Vergleich & Regeln","og_description":"\u2713 \u00dcberstunden vs. Mehrstunden \u2013 was sind die Unterschiede? Klare Erkl\u00e4rung, Abrechnung & Regeln in \u00d6sterreich \u27a4 Jetzt lesen!","og_url":"https:\/\/personalwolke.at\/en\/overtime-vs-extra-hour\/","og_site_name":"Personalwolke","article_published_time":"2020-09-04T08:15:11+00:00","article_modified_time":"2025-07-11T15:43:39+00:00","og_image":[{"width":1024,"height":576,"url":"https:\/\/personalwolke.at\/wp-content\/uploads\/2020\/09\/Ueberstundenpauschale-1024x576.png","type":"image\/png"}],"author":"felix.admin99","twitter_card":"summary_large_image","twitter_misc":{"Written by":"felix.admin99","Est. reading time":"7 minutes"},"schema":{"@context":"https:\/\/schema.org","@graph":[{"@type":"Article","@id":"https:\/\/personalwolke.at\/uberstunde-vs-mehrstunde\/#article","isPartOf":{"@id":"https:\/\/personalwolke.at\/uberstunde-vs-mehrstunde\/"},"author":{"name":"felix.admin99","@id":"https:\/\/personalwolke.at\/#\/schema\/person\/f2fcd74b7c6aed7f398987b0ac86dd26"},"headline":"\u00dcberstunden vs. Mehrstunden in \u00d6sterreich 2025","datePublished":"2020-09-04T08:15:11+00:00","dateModified":"2025-07-11T15:43:39+00:00","mainEntityOfPage":{"@id":"https:\/\/personalwolke.at\/uberstunde-vs-mehrstunde\/"},"wordCount":1270,"image":{"@id":"https:\/\/personalwolke.at\/uberstunde-vs-mehrstunde\/#primaryimage"},"thumbnailUrl":"https:\/\/personalwolke.at\/wp-content\/uploads\/2020\/09\/Ueberstundenpauschale.png","articleSection":["Zeiterfassung"],"inLanguage":"en-US"},{"@type":"WebPage","@id":"https:\/\/personalwolke.at\/uberstunde-vs-mehrstunde\/","url":"https:\/\/personalwolke.at\/uberstunde-vs-mehrstunde\/","name":"\u1405 Overtime vs. extra hours | Clear comparison &amp; rules","isPartOf":{"@id":"https:\/\/personalwolke.at\/#website"},"primaryImageOfPage":{"@id":"https:\/\/personalwolke.at\/uberstunde-vs-mehrstunde\/#primaryimage"},"image":{"@id":"https:\/\/personalwolke.at\/uberstunde-vs-mehrstunde\/#primaryimage"},"thumbnailUrl":"https:\/\/personalwolke.at\/wp-content\/uploads\/2020\/09\/Ueberstundenpauschale.png","datePublished":"2020-09-04T08:15:11+00:00","dateModified":"2025-07-11T15:43:39+00:00","author":{"@id":"https:\/\/personalwolke.at\/#\/schema\/person\/f2fcd74b7c6aed7f398987b0ac86dd26"},"description":"\u2713 Overtime vs. extra hours - what are the differences? Clear explanation, billing &amp; rules in Austria \u27a4 Read now!","breadcrumb":{"@id":"https:\/\/personalwolke.at\/uberstunde-vs-mehrstunde\/#breadcrumb"},"inLanguage":"en-US","potentialAction":[{"@type":"ReadAction","target":["https:\/\/personalwolke.at\/uberstunde-vs-mehrstunde\/"]}]},{"@type":"ImageObject","inLanguage":"en-US","@id":"https:\/\/personalwolke.at\/uberstunde-vs-mehrstunde\/#primaryimage","url":"https:\/\/personalwolke.at\/wp-content\/uploads\/2020\/09\/Ueberstundenpauschale.png","contentUrl":"https:\/\/personalwolke.at\/wp-content\/uploads\/2020\/09\/Ueberstundenpauschale.png","width":1920,"height":1080},{"@type":"BreadcrumbList","@id":"https:\/\/personalwolke.at\/uberstunde-vs-mehrstunde\/#breadcrumb","itemListElement":[{"@type":"ListItem","position":1,"name":"Startseite","item":"https:\/\/personalwolke.at\/"},{"@type":"ListItem","position":2,"name":"\u00dcberstunden vs. Mehrstunden in \u00d6sterreich 2025"}]},{"@type":"WebSite","@id":"https:\/\/personalwolke.at\/#website","url":"https:\/\/personalwolke.at\/","name":"Personalwolke","description":"","potentialAction":[{"@type":"SearchAction","target":{"@type":"EntryPoint","urlTemplate":"https:\/\/personalwolke.at\/?s={search_term_string}"},"query-input":{"@type":"PropertyValueSpecification","valueRequired":true,"valueName":"search_term_string"}}],"inLanguage":"en-US"},{"@type":"Person","@id":"https:\/\/personalwolke.at\/#\/schema\/person\/f2fcd74b7c6aed7f398987b0ac86dd26","name":"felix.admin99","image":{"@type":"ImageObject","inLanguage":"en-US","@id":"https:\/\/personalwolke.at\/#\/schema\/person\/image\/","url":"https:\/\/secure.gravatar.com\/avatar\/e44ed9525e7cc611ce022a43d19b90d94ab3e975e90eba38730e6655459715b2?s=96&d=mm&r=g","contentUrl":"https:\/\/secure.gravatar.com\/avatar\/e44ed9525e7cc611ce022a43d19b90d94ab3e975e90eba38730e6655459715b2?s=96&d=mm&r=g","caption":"felix.admin99"},"url":"https:\/\/personalwolke.at\/en\/author\/felix-admin99\/"}]}},"_links":{"self":[{"href":"https:\/\/personalwolke.at\/en\/wp-json\/wp\/v2\/posts\/6959","targetHints":{"allow":["GET"]}}],"collection":[{"href":"https:\/\/personalwolke.at\/en\/wp-json\/wp\/v2\/posts"}],"about":[{"href":"https:\/\/personalwolke.at\/en\/wp-json\/wp\/v2\/types\/post"}],"author":[{"embeddable":true,"href":"https:\/\/personalwolke.at\/en\/wp-json\/wp\/v2\/users\/2"}],"replies":[{"embeddable":true,"href":"https:\/\/personalwolke.at\/en\/wp-json\/wp\/v2\/comments?post=6959"}],"version-history":[{"count":7,"href":"https:\/\/personalwolke.at\/en\/wp-json\/wp\/v2\/posts\/6959\/revisions"}],"predecessor-version":[{"id":25983666,"href":"https:\/\/personalwolke.at\/en\/wp-json\/wp\/v2\/posts\/6959\/revisions\/25983666"}],"wp:featuredmedia":[{"embeddable":true,"href":"https:\/\/personalwolke.at\/en\/wp-json\/wp\/v2\/media\/25981990"}],"wp:attachment":[{"href":"https:\/\/personalwolke.at\/en\/wp-json\/wp\/v2\/media?parent=6959"}],"wp:term":[{"taxonomy":"category","embeddable":true,"href":"https:\/\/personalwolke.at\/en\/wp-json\/wp\/v2\/categories?post=6959"},{"taxonomy":"post_tag","embeddable":true,"href":"https:\/\/personalwolke.at\/en\/wp-json\/wp\/v2\/tags?post=6959"}],"curies":[{"name":"wp","href":"https:\/\/api.w.org\/{rel}","templated":true}]}}