{"id":6970,"date":"2020-08-06T09:10:56","date_gmt":"2020-08-06T09:10:56","guid":{"rendered":"https:\/\/personalwolke.at\/?p=6970"},"modified":"2024-11-28T11:04:07","modified_gmt":"2024-11-28T10:04:07","slug":"20-years-of-time-recording","status":"publish","type":"post","link":"https:\/\/personalwolke.at\/en\/20-jahre-zeiterfassung\/","title":{"rendered":"20 years of time tracking"},"content":{"rendered":"<div class=\"et_pb_section et_pb_section_13 et_animated et_section_regular\">\n<div class=\"et_pb_row et_pb_row_34\">\n<div class=\"et_pb_column et_pb_column_3_4 et_pb_column_52  et_pb_css_mix_blend_mode_passthrough\">\n<div class=\"et_pb_module et_pb_image et_pb_image_23\"><\/div>\n<\/div>\n<div class=\"et_pb_column et_pb_column_1_4 et_pb_column_53  et_pb_css_mix_blend_mode_passthrough et-last-child\">\n<div class=\"et_pb_module et_pb_text et_pb_text_51  et_pb_text_align_left et_pb_bg_layout_light\">\n<div class=\"et_pb_text_inner\"><\/div>\n<\/div>\n<div class=\"et_pb_module et_pb_blog_12 et_pb_posts et_pb_bg_layout_light\">\n<div class=\"et_pb_ajax_pagination_container\">\n<article id=\"post-25979943\" class=\"et_pb_post clearfix et_pb_no_thumb et_pb_blog_item_12_1 post-25979943 type-post status-publish format-standard has-post-thumbnail hentry category-deutschland category-pw-news category-zeitmanagement tag-zeiterfassung tag-zeitwirtschaft\">\n<div class=\"post-content\">\n<\/div>\n<\/article>\n<\/div>\n<\/div>\n<\/div>\n<\/div>\n<div class=\"et_pb_row et_pb_row_35\">\n<div class=\"et_pb_column et_pb_column_3_4 et_pb_column_54  et_pb_css_mix_blend_mode_passthrough\">\n<div class=\"et_pb_module et_pb_text et_pb_text_52  et_pb_text_align_left et_pb_bg_layout_light\">\n<div class=\"et_pb_text_inner\">\n<h3>20 years of time recording - what has changed?<\/h3>\n<p>In the 20-year success story of\u00a0<a href=\"http:\/\/www.workflow.at\/\">Workflow HR Systems<\/a>\u00a0we have already dealt with various aspects of time recording and evaluation.<\/p>\n<p>In the following expert interview, our<strong>\u00a0Senior HR Consultant Christian Stastny<\/strong>\u00a0an insight into his work and the changes in time recording over the years.<\/p>\n<\/div>\n<\/div>\n<\/div>\n<div class=\"et_pb_column et_pb_column_1_4 et_pb_column_55  et_pb_css_mix_blend_mode_passthrough et-last-child\">\n<div class=\"et_pb_module et_pb_image et_pb_image_24\">\n<p><span class=\"et_pb_image_wrap\"><img decoding=\"async\" class=\"wp-image-6980\" title=\"Christian Stastny\" src=\"https:\/\/personalwolke.at\/wp-content\/uploads\/2021\/03\/Christian-Stastny-150x150.jpg\" alt=\"Portrait Helga Gruber\" \/><\/span><\/p>\n<\/div>\n<\/div>\n<\/div>\n<div class=\"et_pb_row et_pb_row_36\">\n<div class=\"et_pb_column et_pb_column_4_4 et_pb_column_56  et_pb_css_mix_blend_mode_passthrough et-last-child\">\n<div class=\"et_pb_module et_pb_text et_pb_text_53  et_pb_text_align_left et_pb_bg_layout_light\">\n<div class=\"et_pb_text_inner\">\n<h4><strong>How long have you been involved with the topic of \"time recording\"? What does your career look like?<\/strong><\/h4>\n<blockquote><p><strong>Stastny<\/strong>: \"I have been working in the field of time recording and evaluation since the mid-90s. I started my career at Interflex Datensysteme GmbH. On April 1, 2002, I finally became a team member of Workflow EDV GmbH. My area of expertise is basically everything that goes hand in hand with time recording\/evaluation, be it overtime calculations, break regulations or the storage of complex fixed time models. I also head up the Consulting &amp; Services team.\"<\/p><\/blockquote>\n<h4><strong>Has correct time recording become more complex in recent years? To what extent have the requirements for a time recording tool changed?<\/strong><\/h4>\n<blockquote><p><strong>Stastny<\/strong>: \"Time recording has definitely become more complex in recent years. In my early days, the focus was not only on basic working time recording, but also on overtime evaluation. Today, we face new individual customer requirements on a daily basis, which go far beyond overtime regulations. The increasing desire for flexibility and independence is particularly noticeable. The desired response times are getting shorter and shorter and the requirement for independent management of time models, for example, is becoming more and more relevant. Whereby we see the independent\u00a0<a href=\"https:\/\/personalwolke.at\/en\/create-time-models\/\">Management of time models<\/a>\u00a0can now already cover.\"<\/p><\/blockquote>\n<h4><strong>What are the most common errors in time evaluation?<\/strong><\/h4>\n<blockquote><p><strong>Stastny<\/strong>If there are discrepancies or incorrect calculations in the time evaluation, this is rarely due to the software. There are many ways to achieve a correct time evaluation. Overtime can be calculated in 20 different ways, but it is important that it is self-contained and comprehensible and complies with legal requirements. It is usually the communication that fails. Many companies are not clear about their payroll accounting when they commission a time management system and are therefore unable to communicate their requirements precisely. This leads to ambiguities and errors can occur. It is therefore up to us to find a common wording with the customer.\"<\/p><\/blockquote>\n<h4><strong>What requirements must a high-quality time recording tool fulfill?<\/strong><\/h4>\n<blockquote><p><strong>Stastny<\/strong>It must be possible to cover the legal requirements and calculated balances must always be traceable. It must also be transparent and user-friendly. The interface must be intuitive so that employees don't have to undergo any training.\"<\/p><\/blockquote>\n<h4><strong>How many different time accounts are currently linked to the personnel cloud?<\/strong><\/h4>\n<blockquote><p><strong>Stastny<\/strong>\"There are currently exactly 510 individual time accounts linked to the personnel cloud.\"<\/p><\/blockquote>\n<h4><strong>How quickly can legal changes be implemented?<\/strong><\/h4>\n<blockquote><p><strong>Stastny<\/strong>\"The implementation period is variable in that additional development work is required for some new, more extensive legal requirements.  However, the 12-hour day, for example, was preconfigured in the standard within a month.\"<\/p><\/blockquote>\n<h4><strong>The introduction of time recording is often associated with the prejudice of employee control. What do you think about this?<\/strong><\/h4>\n<blockquote><p><strong>Stastny<\/strong>: \"I see the introduction of time recording as a way of offering employees more transparency. They can view their current balances and remaining vacation days at any time. They know exactly what they are entitled to and can intervene and correct any incorrect entries. Time recording ensures compliance with a company agreement and the collective agreement, so in my opinion the concerns are unfounded.\"<\/p><\/blockquote>\n<h4><strong>Where do you think the journey is heading? How will the requirements for time recording change in the future?<\/strong><\/h4>\n<blockquote><p><strong>Stastny<\/strong>: \"The requirements are already changing all the time. I am convinced that even more companies will take a step towards digitalization in the future and dispense with recording working hours using Excel lists. Evaluations must be available at the click of a mouse and must not take up too much time.\"<\/p><\/blockquote>\n<h4><strong>Finally, what do you think makes Personalwolke special?<\/strong><\/h4>\n<blockquote><p><strong>Stastny<\/strong>\"That a comprehensive and standardized time recording tool can be purchased for a calculable price. Thanks to our many years of cooperation with major customers in the banking sector, SMEs can benefit from this expertise and receive the best possible advice. Personal support during the onboarding phase and in the support department also definitely sets Personalwolke apart.\"<\/p><\/blockquote>\n<\/div>\n<\/div>\n<\/div>\n<\/div>\n<\/div>","protected":false},"excerpt":{"rendered":"<p>20 Jahre Zeiterfassung \u2013 Was hat sich ver\u00e4ndert?<br \/>\nIm Experten Interview gibt unser Senior HR Consultant Christian Stastny einen Einblick in seine T\u00e4tigkeit und in die Ver\u00e4nderungen der Zeiterfassung \u00fcber die Jahre.<\/p>","protected":false},"author":2,"featured_media":25981991,"comment_status":"closed","ping_status":"open","sticky":false,"template":"","format":"standard","meta":{"content-type":"","inline_featured_image":false,"footnotes":""},"categories":[11],"tags":[],"class_list":["post-6970","post","type-post","status-publish","format-standard","has-post-thumbnail","hentry","category-zeiterfassung"],"yoast_head":"<!-- This site is optimized with the Yoast SEO plugin v27.1.1 - https:\/\/yoast.com\/product\/yoast-seo-wordpress\/ -->\n<title>20 Jahre Zeiterfassung - Personalwolke<\/title>\n<meta name=\"description\" content=\"Wie haben sich die Anforderungen im Bereich Zeiterfassung in den letzten 20 Jahren ver\u00e4ndert? Was muss unbedingt beachtet werden?\" \/>\n<meta name=\"robots\" content=\"index, follow, max-snippet:-1, max-image-preview:large, max-video-preview:-1\" \/>\n<link rel=\"canonical\" href=\"https:\/\/personalwolke.at\/en\/20-years-of-time-recording\/\" \/>\n<meta property=\"og:locale\" content=\"en_US\" \/>\n<meta property=\"og:type\" content=\"article\" \/>\n<meta property=\"og:title\" content=\"20 Jahre Zeiterfassung - Personalwolke\" \/>\n<meta property=\"og:description\" content=\"Wie haben sich die Anforderungen im Bereich Zeiterfassung in den letzten 20 Jahren ver\u00e4ndert? Was muss unbedingt beachtet werden?\" \/>\n<meta property=\"og:url\" content=\"https:\/\/personalwolke.at\/en\/20-years-of-time-recording\/\" \/>\n<meta property=\"og:site_name\" content=\"Personalwolke\" \/>\n<meta property=\"article:published_time\" content=\"2020-08-06T09:10:56+00:00\" \/>\n<meta property=\"article:modified_time\" content=\"2024-11-28T10:04:07+00:00\" \/>\n<meta property=\"og:image\" content=\"https:\/\/personalwolke.at\/wp-content\/uploads\/2020\/08\/Gemeinsam-statt-eisna-3-1024x576.png\" \/>\n\t<meta property=\"og:image:width\" content=\"1024\" \/>\n\t<meta property=\"og:image:height\" content=\"576\" \/>\n\t<meta property=\"og:image:type\" content=\"image\/png\" \/>\n<meta name=\"author\" content=\"felix.admin99\" \/>\n<meta name=\"twitter:card\" content=\"summary_large_image\" \/>\n<meta name=\"twitter:label1\" content=\"Written by\" \/>\n\t<meta name=\"twitter:data1\" content=\"felix.admin99\" \/>\n\t<meta name=\"twitter:label2\" content=\"Est. reading time\" \/>\n\t<meta name=\"twitter:data2\" content=\"2 minutes\" \/>\n<script type=\"application\/ld+json\" class=\"yoast-schema-graph\">{\"@context\":\"https:\/\/schema.org\",\"@graph\":[{\"@type\":\"Article\",\"@id\":\"https:\/\/personalwolke.at\/20-jahre-zeiterfassung\/#article\",\"isPartOf\":{\"@id\":\"https:\/\/personalwolke.at\/20-jahre-zeiterfassung\/\"},\"author\":{\"name\":\"felix.admin99\",\"@id\":\"https:\/\/personalwolke.at\/#\/schema\/person\/f2fcd74b7c6aed7f398987b0ac86dd26\"},\"headline\":\"20 Jahre Zeiterfassung\",\"datePublished\":\"2020-08-06T09:10:56+00:00\",\"dateModified\":\"2024-11-28T10:04:07+00:00\",\"mainEntityOfPage\":{\"@id\":\"https:\/\/personalwolke.at\/20-jahre-zeiterfassung\/\"},\"wordCount\":691,\"image\":{\"@id\":\"https:\/\/personalwolke.at\/20-jahre-zeiterfassung\/#primaryimage\"},\"thumbnailUrl\":\"https:\/\/personalwolke.at\/wp-content\/uploads\/2020\/08\/Gemeinsam-statt-eisna-3.png\",\"articleSection\":[\"Zeiterfassung\"],\"inLanguage\":\"en-US\"},{\"@type\":\"WebPage\",\"@id\":\"https:\/\/personalwolke.at\/20-jahre-zeiterfassung\/\",\"url\":\"https:\/\/personalwolke.at\/20-jahre-zeiterfassung\/\",\"name\":\"20 Jahre Zeiterfassung - Personalwolke\",\"isPartOf\":{\"@id\":\"https:\/\/personalwolke.at\/#website\"},\"primaryImageOfPage\":{\"@id\":\"https:\/\/personalwolke.at\/20-jahre-zeiterfassung\/#primaryimage\"},\"image\":{\"@id\":\"https:\/\/personalwolke.at\/20-jahre-zeiterfassung\/#primaryimage\"},\"thumbnailUrl\":\"https:\/\/personalwolke.at\/wp-content\/uploads\/2020\/08\/Gemeinsam-statt-eisna-3.png\",\"datePublished\":\"2020-08-06T09:10:56+00:00\",\"dateModified\":\"2024-11-28T10:04:07+00:00\",\"author\":{\"@id\":\"https:\/\/personalwolke.at\/#\/schema\/person\/f2fcd74b7c6aed7f398987b0ac86dd26\"},\"description\":\"Wie haben sich die Anforderungen im Bereich Zeiterfassung in den letzten 20 Jahren ver\u00e4ndert? Was muss unbedingt beachtet werden?\",\"breadcrumb\":{\"@id\":\"https:\/\/personalwolke.at\/20-jahre-zeiterfassung\/#breadcrumb\"},\"inLanguage\":\"en-US\",\"potentialAction\":[{\"@type\":\"ReadAction\",\"target\":[\"https:\/\/personalwolke.at\/20-jahre-zeiterfassung\/\"]}]},{\"@type\":\"ImageObject\",\"inLanguage\":\"en-US\",\"@id\":\"https:\/\/personalwolke.at\/20-jahre-zeiterfassung\/#primaryimage\",\"url\":\"https:\/\/personalwolke.at\/wp-content\/uploads\/2020\/08\/Gemeinsam-statt-eisna-3.png\",\"contentUrl\":\"https:\/\/personalwolke.at\/wp-content\/uploads\/2020\/08\/Gemeinsam-statt-eisna-3.png\",\"width\":1920,\"height\":1080},{\"@type\":\"BreadcrumbList\",\"@id\":\"https:\/\/personalwolke.at\/20-jahre-zeiterfassung\/#breadcrumb\",\"itemListElement\":[{\"@type\":\"ListItem\",\"position\":1,\"name\":\"Startseite\",\"item\":\"https:\/\/personalwolke.at\/\"},{\"@type\":\"ListItem\",\"position\":2,\"name\":\"20 Jahre Zeiterfassung\"}]},{\"@type\":\"WebSite\",\"@id\":\"https:\/\/personalwolke.at\/#website\",\"url\":\"https:\/\/personalwolke.at\/\",\"name\":\"Personalwolke\",\"description\":\"\",\"potentialAction\":[{\"@type\":\"SearchAction\",\"target\":{\"@type\":\"EntryPoint\",\"urlTemplate\":\"https:\/\/personalwolke.at\/?s={search_term_string}\"},\"query-input\":{\"@type\":\"PropertyValueSpecification\",\"valueRequired\":true,\"valueName\":\"search_term_string\"}}],\"inLanguage\":\"en-US\"},{\"@type\":\"Person\",\"@id\":\"https:\/\/personalwolke.at\/#\/schema\/person\/f2fcd74b7c6aed7f398987b0ac86dd26\",\"name\":\"felix.admin99\",\"image\":{\"@type\":\"ImageObject\",\"inLanguage\":\"en-US\",\"@id\":\"https:\/\/personalwolke.at\/#\/schema\/person\/image\/\",\"url\":\"https:\/\/secure.gravatar.com\/avatar\/e44ed9525e7cc611ce022a43d19b90d94ab3e975e90eba38730e6655459715b2?s=96&d=mm&r=g\",\"contentUrl\":\"https:\/\/secure.gravatar.com\/avatar\/e44ed9525e7cc611ce022a43d19b90d94ab3e975e90eba38730e6655459715b2?s=96&d=mm&r=g\",\"caption\":\"felix.admin99\"},\"url\":\"https:\/\/personalwolke.at\/en\/author\/felix-admin99\/\"}]}<\/script>\n<!-- \/ Yoast SEO plugin. -->","yoast_head_json":{"title":"20 years of time recording - Personnel cloud","description":"How have the requirements in the area of time recording changed over the last 20 years? What needs to be taken into account?","robots":{"index":"index","follow":"follow","max-snippet":"max-snippet:-1","max-image-preview":"max-image-preview:large","max-video-preview":"max-video-preview:-1"},"canonical":"https:\/\/personalwolke.at\/en\/20-years-of-time-recording\/","og_locale":"en_US","og_type":"article","og_title":"20 Jahre Zeiterfassung - Personalwolke","og_description":"Wie haben sich die Anforderungen im Bereich Zeiterfassung in den letzten 20 Jahren ver\u00e4ndert? Was muss unbedingt beachtet werden?","og_url":"https:\/\/personalwolke.at\/en\/20-years-of-time-recording\/","og_site_name":"Personalwolke","article_published_time":"2020-08-06T09:10:56+00:00","article_modified_time":"2024-11-28T10:04:07+00:00","og_image":[{"width":1024,"height":576,"url":"https:\/\/personalwolke.at\/wp-content\/uploads\/2020\/08\/Gemeinsam-statt-eisna-3-1024x576.png","type":"image\/png"}],"author":"felix.admin99","twitter_card":"summary_large_image","twitter_misc":{"Written by":"felix.admin99","Est. reading time":"2 minutes"},"schema":{"@context":"https:\/\/schema.org","@graph":[{"@type":"Article","@id":"https:\/\/personalwolke.at\/20-jahre-zeiterfassung\/#article","isPartOf":{"@id":"https:\/\/personalwolke.at\/20-jahre-zeiterfassung\/"},"author":{"name":"felix.admin99","@id":"https:\/\/personalwolke.at\/#\/schema\/person\/f2fcd74b7c6aed7f398987b0ac86dd26"},"headline":"20 Jahre Zeiterfassung","datePublished":"2020-08-06T09:10:56+00:00","dateModified":"2024-11-28T10:04:07+00:00","mainEntityOfPage":{"@id":"https:\/\/personalwolke.at\/20-jahre-zeiterfassung\/"},"wordCount":691,"image":{"@id":"https:\/\/personalwolke.at\/20-jahre-zeiterfassung\/#primaryimage"},"thumbnailUrl":"https:\/\/personalwolke.at\/wp-content\/uploads\/2020\/08\/Gemeinsam-statt-eisna-3.png","articleSection":["Zeiterfassung"],"inLanguage":"en-US"},{"@type":"WebPage","@id":"https:\/\/personalwolke.at\/20-jahre-zeiterfassung\/","url":"https:\/\/personalwolke.at\/20-jahre-zeiterfassung\/","name":"20 years of time recording - Personnel cloud","isPartOf":{"@id":"https:\/\/personalwolke.at\/#website"},"primaryImageOfPage":{"@id":"https:\/\/personalwolke.at\/20-jahre-zeiterfassung\/#primaryimage"},"image":{"@id":"https:\/\/personalwolke.at\/20-jahre-zeiterfassung\/#primaryimage"},"thumbnailUrl":"https:\/\/personalwolke.at\/wp-content\/uploads\/2020\/08\/Gemeinsam-statt-eisna-3.png","datePublished":"2020-08-06T09:10:56+00:00","dateModified":"2024-11-28T10:04:07+00:00","author":{"@id":"https:\/\/personalwolke.at\/#\/schema\/person\/f2fcd74b7c6aed7f398987b0ac86dd26"},"description":"How have the requirements in the area of time recording changed over the last 20 years? What needs to be taken into account?","breadcrumb":{"@id":"https:\/\/personalwolke.at\/20-jahre-zeiterfassung\/#breadcrumb"},"inLanguage":"en-US","potentialAction":[{"@type":"ReadAction","target":["https:\/\/personalwolke.at\/20-jahre-zeiterfassung\/"]}]},{"@type":"ImageObject","inLanguage":"en-US","@id":"https:\/\/personalwolke.at\/20-jahre-zeiterfassung\/#primaryimage","url":"https:\/\/personalwolke.at\/wp-content\/uploads\/2020\/08\/Gemeinsam-statt-eisna-3.png","contentUrl":"https:\/\/personalwolke.at\/wp-content\/uploads\/2020\/08\/Gemeinsam-statt-eisna-3.png","width":1920,"height":1080},{"@type":"BreadcrumbList","@id":"https:\/\/personalwolke.at\/20-jahre-zeiterfassung\/#breadcrumb","itemListElement":[{"@type":"ListItem","position":1,"name":"Startseite","item":"https:\/\/personalwolke.at\/"},{"@type":"ListItem","position":2,"name":"20 Jahre Zeiterfassung"}]},{"@type":"WebSite","@id":"https:\/\/personalwolke.at\/#website","url":"https:\/\/personalwolke.at\/","name":"Personalwolke","description":"","potentialAction":[{"@type":"SearchAction","target":{"@type":"EntryPoint","urlTemplate":"https:\/\/personalwolke.at\/?s={search_term_string}"},"query-input":{"@type":"PropertyValueSpecification","valueRequired":true,"valueName":"search_term_string"}}],"inLanguage":"en-US"},{"@type":"Person","@id":"https:\/\/personalwolke.at\/#\/schema\/person\/f2fcd74b7c6aed7f398987b0ac86dd26","name":"felix.admin99","image":{"@type":"ImageObject","inLanguage":"en-US","@id":"https:\/\/personalwolke.at\/#\/schema\/person\/image\/","url":"https:\/\/secure.gravatar.com\/avatar\/e44ed9525e7cc611ce022a43d19b90d94ab3e975e90eba38730e6655459715b2?s=96&d=mm&r=g","contentUrl":"https:\/\/secure.gravatar.com\/avatar\/e44ed9525e7cc611ce022a43d19b90d94ab3e975e90eba38730e6655459715b2?s=96&d=mm&r=g","caption":"felix.admin99"},"url":"https:\/\/personalwolke.at\/en\/author\/felix-admin99\/"}]}},"_links":{"self":[{"href":"https:\/\/personalwolke.at\/en\/wp-json\/wp\/v2\/posts\/6970","targetHints":{"allow":["GET"]}}],"collection":[{"href":"https:\/\/personalwolke.at\/en\/wp-json\/wp\/v2\/posts"}],"about":[{"href":"https:\/\/personalwolke.at\/en\/wp-json\/wp\/v2\/types\/post"}],"author":[{"embeddable":true,"href":"https:\/\/personalwolke.at\/en\/wp-json\/wp\/v2\/users\/2"}],"replies":[{"embeddable":true,"href":"https:\/\/personalwolke.at\/en\/wp-json\/wp\/v2\/comments?post=6970"}],"version-history":[{"count":2,"href":"https:\/\/personalwolke.at\/en\/wp-json\/wp\/v2\/posts\/6970\/revisions"}],"predecessor-version":[{"id":25982194,"href":"https:\/\/personalwolke.at\/en\/wp-json\/wp\/v2\/posts\/6970\/revisions\/25982194"}],"wp:featuredmedia":[{"embeddable":true,"href":"https:\/\/personalwolke.at\/en\/wp-json\/wp\/v2\/media\/25981991"}],"wp:attachment":[{"href":"https:\/\/personalwolke.at\/en\/wp-json\/wp\/v2\/media?parent=6970"}],"wp:term":[{"taxonomy":"category","embeddable":true,"href":"https:\/\/personalwolke.at\/en\/wp-json\/wp\/v2\/categories?post=6970"},{"taxonomy":"post_tag","embeddable":true,"href":"https:\/\/personalwolke.at\/en\/wp-json\/wp\/v2\/tags?post=6970"}],"curies":[{"name":"wp","href":"https:\/\/api.w.org\/{rel}","templated":true}]}}